{"id":892,"date":"2015-05-22T11:00:41","date_gmt":"2015-05-22T11:00:41","guid":{"rendered":"http:\/\/yvettepons.com\/noticias\/?p=892"},"modified":"2019-11-28T17:00:23","modified_gmt":"2019-11-28T17:00:23","slug":"como-afecta-el-cambio-climatico-a-nuestra-salud","status":"publish","type":"post","link":"https:\/\/www.yvettepons.com\/noticias\/como-afecta-el-cambio-climatico-a-nuestra-salud\/","title":{"rendered":"\u00bfC\u00f3mo afecta el cambio clim\u00e1tico a nuestra salud?"},"content":{"rendered":"<p>&nbsp;<\/p>\n<p style=\"text-align: justify;\">Desde hace a\u00f1os <span style=\"color: #3366ff;\"><strong>o\u00edmos hablar del cambio clim\u00e1tico<\/strong><\/span>: cada vez m\u00e1s, debido a las acciones humanas, el mundo est\u00e1 cambiando a marchas forzadas. Animales en peligro de extinci\u00f3n, terremotos, volcanes en erupci\u00f3n, agujeros en la capa de ozono\u2026<\/p>\n<p style=\"text-align: justify;\">Todo esto, adem\u00e1s de repercutir en el entorno que nos rodea, afecta tambi\u00e9n a la salud de las personas. Podemos notarlo en un aumento de enfermedades, infecciones, malnutrici\u00f3n y, en muchos casos, hasta la muerte.<\/p>\n<p style=\"text-align: justify;\">Los<strong> factores que m\u00e1s determinan la relaci\u00f3n entre la salud y el cambio clim\u00e1tico<\/strong> son, por ejemplo, la variaci\u00f3n del clima, que da lugar a una menor calidad de recursos como el agua o los suelos; el aumento de las temperaturas, que favorece la reproducci\u00f3n de insectos que propagan enfermedades como la malaria, el dengue o la fiebre amarilla as\u00ed como agravar ciertas enfermedades cardiovasculares o respiratorias; el incremento de cat\u00e1strofes naturales causando la muerte de much\u00edsimas personas y da\u00f1ando las estructuras en las que vivimos; la desertizaci\u00f3n y las sequ\u00edas, que reducen el campo de tierra cultivable y dificultan el acceso a fuentes de agua potable y el deshielo de los glaciares, que eleva los mares y oc\u00e9anos provocando inundaciones.<\/p>\n<p style=\"text-align: justify;\">Con todo esto, <strong>es muy probable que incrementen nuestros problemas de salud<\/strong>. Por ejemplo, con los golpes de calor se agravaran nuestros problemas respiratorios o cardiovasculares; con la contaminaci\u00f3n aparecer\u00e1n cada vez m\u00e1s enfermedades cardiorespiratorias; con la humedad y las nuevas temperaturas las infecciones se propagar\u00e1n mucho m\u00e1s r\u00e1pido y con las radiaciones solares y la luz ultravioleta ir\u00e1n apareciendo cada vez m\u00e1s problemas oculares y cut\u00e1neos.<\/p>\n<p style=\"text-align: justify;\">Para <strong>protegernos de todos estos efectos negativos que provoca el cambio clim\u00e1tico<\/strong> se han propuesto medidas como ampliar el uso de las energ\u00edas renovables, expandir las ciudades de manera sostenible, intentar mantener un consumo respetuoso con el medio ambiente, endurecer las pol\u00edticas de reciclaje y mejorar la eficiencia a la hora de producir.<\/p>\n<p style=\"text-align: justify;\">Por lo tanto, empezar a cuidar del medio ambiente no beneficiar\u00e1 solo a las generaciones venideras sino que estaremos contribuyendo a mejorar, aunque solo sea un poco, nuestra salud.<\/p>\n","protected":false},"excerpt":{"rendered":"<p>&nbsp; Desde hace a\u00f1os o\u00edmos hablar del cambio clim\u00e1tico: cada vez m\u00e1s, debido a las acciones humanas, el mundo est\u00e1 cambiando a marchas forzadas. Animales en peligro de extinci\u00f3n, terremotos, volcanes en erupci\u00f3n, agujeros en la capa de ozono\u2026 Todo esto, adem\u00e1s de repercutir en el entorno que nos rodea, afecta tambi\u00e9n a la salud [&hellip;]<\/p>\n","protected":false},"author":1,"featured_media":0,"comment_status":"open","ping_status":"closed","sticky":false,"template":"","format":"standard","meta":{"footnotes":""},"categories":[57,14],"tags":[],"class_list":["post-892","post","type-post","status-publish","format-standard","hentry","category-actualitat","category-news"],"yoast_head":"<!-- This site is optimized with the Yoast SEO plugin v23.3 - https:\/\/yoast.com\/wordpress\/plugins\/seo\/ -->\n<title>\u00bfC\u00f3mo afecta el cambio clim\u00e1tico a nuestra salud? -<\/title>\n<meta name=\"robots\" content=\"index, follow, max-snippet:-1, max-image-preview:large, max-video-preview:-1\" \/>\n<link rel=\"canonical\" href=\"https:\/\/www.yvettepons.com\/noticias\/como-afecta-el-cambio-climatico-a-nuestra-salud\/\" \/>\n<meta property=\"og:locale\" content=\"es_ES\" \/>\n<meta property=\"og:type\" content=\"article\" \/>\n<meta property=\"og:title\" content=\"\u00bfC\u00f3mo afecta el cambio clim\u00e1tico a nuestra salud? -\" \/>\n<meta property=\"og:description\" content=\"&nbsp; Desde hace a\u00f1os o\u00edmos hablar del cambio clim\u00e1tico: cada vez m\u00e1s, debido a las acciones humanas, el mundo est\u00e1 cambiando a marchas forzadas. Animales en peligro de extinci\u00f3n, terremotos, volcanes en erupci\u00f3n, agujeros en la capa de ozono\u2026 Todo esto, adem\u00e1s de repercutir en el entorno que nos rodea, afecta tambi\u00e9n a la salud [&hellip;]\" \/>\n<meta property=\"og:url\" content=\"https:\/\/www.yvettepons.com\/noticias\/como-afecta-el-cambio-climatico-a-nuestra-salud\/\" \/>\n<meta property=\"article:published_time\" content=\"2015-05-22T11:00:41+00:00\" \/>\n<meta property=\"article:modified_time\" content=\"2019-11-28T17:00:23+00:00\" \/>\n<meta name=\"author\" content=\"yvette\" \/>\n<meta name=\"twitter:card\" content=\"summary_large_image\" \/>\n<meta name=\"twitter:label1\" content=\"Escrito por\" \/>\n\t<meta name=\"twitter:data1\" content=\"yvette\" \/>\n\t<meta name=\"twitter:label2\" content=\"Tiempo de lectura\" \/>\n\t<meta name=\"twitter:data2\" content=\"2 minutos\" \/>\n<script type=\"application\/ld+json\" class=\"yoast-schema-graph\">{\"@context\":\"https:\/\/schema.org\",\"@graph\":[{\"@type\":\"WebPage\",\"@id\":\"https:\/\/www.yvettepons.com\/noticias\/como-afecta-el-cambio-climatico-a-nuestra-salud\/\",\"url\":\"https:\/\/www.yvettepons.com\/noticias\/como-afecta-el-cambio-climatico-a-nuestra-salud\/\",\"name\":\"\u00bfC\u00f3mo afecta el cambio clim\u00e1tico a nuestra salud? -\",\"isPartOf\":{\"@id\":\"https:\/\/www.yvettepons.com\/noticias\/#website\"},\"datePublished\":\"2015-05-22T11:00:41+00:00\",\"dateModified\":\"2019-11-28T17:00:23+00:00\",\"author\":{\"@id\":\"https:\/\/www.yvettepons.com\/noticias\/#\/schema\/person\/5b9d0cfa89aee629bece162bfdf8b8bf\"},\"breadcrumb\":{\"@id\":\"https:\/\/www.yvettepons.com\/noticias\/como-afecta-el-cambio-climatico-a-nuestra-salud\/#breadcrumb\"},\"inLanguage\":\"es\",\"potentialAction\":[{\"@type\":\"ReadAction\",\"target\":[\"https:\/\/www.yvettepons.com\/noticias\/como-afecta-el-cambio-climatico-a-nuestra-salud\/\"]}]},{\"@type\":\"BreadcrumbList\",\"@id\":\"https:\/\/www.yvettepons.com\/noticias\/como-afecta-el-cambio-climatico-a-nuestra-salud\/#breadcrumb\",\"itemListElement\":[{\"@type\":\"ListItem\",\"position\":1,\"name\":\"Portada\",\"item\":\"https:\/\/www.yvettepons.com\/noticias\/\"},{\"@type\":\"ListItem\",\"position\":2,\"name\":\"\u00bfC\u00f3mo afecta el cambio clim\u00e1tico a nuestra salud?\"}]},{\"@type\":\"WebSite\",\"@id\":\"https:\/\/www.yvettepons.com\/noticias\/#website\",\"url\":\"https:\/\/www.yvettepons.com\/noticias\/\",\"name\":\"\",\"description\":\"\",\"potentialAction\":[{\"@type\":\"SearchAction\",\"target\":{\"@type\":\"EntryPoint\",\"urlTemplate\":\"https:\/\/www.yvettepons.com\/noticias\/?s={search_term_string}\"},\"query-input\":\"required name=search_term_string\"}],\"inLanguage\":\"es\"},{\"@type\":\"Person\",\"@id\":\"https:\/\/www.yvettepons.com\/noticias\/#\/schema\/person\/5b9d0cfa89aee629bece162bfdf8b8bf\",\"name\":\"yvette\",\"image\":{\"@type\":\"ImageObject\",\"inLanguage\":\"es\",\"@id\":\"https:\/\/www.yvettepons.com\/noticias\/#\/schema\/person\/image\/\",\"url\":\"https:\/\/secure.gravatar.com\/avatar\/b31da7f75aa0d53c1cd9f27269d3fd5a583671f8ae3cec5fc14a021caad18787?s=96&d=mm&r=g\",\"contentUrl\":\"https:\/\/secure.gravatar.com\/avatar\/b31da7f75aa0d53c1cd9f27269d3fd5a583671f8ae3cec5fc14a021caad18787?s=96&d=mm&r=g\",\"caption\":\"yvette\"},\"url\":\"https:\/\/www.yvettepons.com\/noticias\/author\/yvette\/\"}]}<\/script>\n<!-- \/ Yoast SEO plugin. -->","yoast_head_json":{"title":"\u00bfC\u00f3mo afecta el cambio clim\u00e1tico a nuestra salud? -","robots":{"index":"index","follow":"follow","max-snippet":"max-snippet:-1","max-image-preview":"max-image-preview:large","max-video-preview":"max-video-preview:-1"},"canonical":"https:\/\/www.yvettepons.com\/noticias\/como-afecta-el-cambio-climatico-a-nuestra-salud\/","og_locale":"es_ES","og_type":"article","og_title":"\u00bfC\u00f3mo afecta el cambio clim\u00e1tico a nuestra salud? -","og_description":"&nbsp; Desde hace a\u00f1os o\u00edmos hablar del cambio clim\u00e1tico: cada vez m\u00e1s, debido a las acciones humanas, el mundo est\u00e1 cambiando a marchas forzadas. Animales en peligro de extinci\u00f3n, terremotos, volcanes en erupci\u00f3n, agujeros en la capa de ozono\u2026 Todo esto, adem\u00e1s de repercutir en el entorno que nos rodea, afecta tambi\u00e9n a la salud [&hellip;]","og_url":"https:\/\/www.yvettepons.com\/noticias\/como-afecta-el-cambio-climatico-a-nuestra-salud\/","article_published_time":"2015-05-22T11:00:41+00:00","article_modified_time":"2019-11-28T17:00:23+00:00","author":"yvette","twitter_card":"summary_large_image","twitter_misc":{"Escrito por":"yvette","Tiempo de lectura":"2 minutos"},"schema":{"@context":"https:\/\/schema.org","@graph":[{"@type":"WebPage","@id":"https:\/\/www.yvettepons.com\/noticias\/como-afecta-el-cambio-climatico-a-nuestra-salud\/","url":"https:\/\/www.yvettepons.com\/noticias\/como-afecta-el-cambio-climatico-a-nuestra-salud\/","name":"\u00bfC\u00f3mo afecta el cambio clim\u00e1tico a nuestra salud? -","isPartOf":{"@id":"https:\/\/www.yvettepons.com\/noticias\/#website"},"datePublished":"2015-05-22T11:00:41+00:00","dateModified":"2019-11-28T17:00:23+00:00","author":{"@id":"https:\/\/www.yvettepons.com\/noticias\/#\/schema\/person\/5b9d0cfa89aee629bece162bfdf8b8bf"},"breadcrumb":{"@id":"https:\/\/www.yvettepons.com\/noticias\/como-afecta-el-cambio-climatico-a-nuestra-salud\/#breadcrumb"},"inLanguage":"es","potentialAction":[{"@type":"ReadAction","target":["https:\/\/www.yvettepons.com\/noticias\/como-afecta-el-cambio-climatico-a-nuestra-salud\/"]}]},{"@type":"BreadcrumbList","@id":"https:\/\/www.yvettepons.com\/noticias\/como-afecta-el-cambio-climatico-a-nuestra-salud\/#breadcrumb","itemListElement":[{"@type":"ListItem","position":1,"name":"Portada","item":"https:\/\/www.yvettepons.com\/noticias\/"},{"@type":"ListItem","position":2,"name":"\u00bfC\u00f3mo afecta el cambio clim\u00e1tico a nuestra salud?"}]},{"@type":"WebSite","@id":"https:\/\/www.yvettepons.com\/noticias\/#website","url":"https:\/\/www.yvettepons.com\/noticias\/","name":"","description":"","potentialAction":[{"@type":"SearchAction","target":{"@type":"EntryPoint","urlTemplate":"https:\/\/www.yvettepons.com\/noticias\/?s={search_term_string}"},"query-input":"required name=search_term_string"}],"inLanguage":"es"},{"@type":"Person","@id":"https:\/\/www.yvettepons.com\/noticias\/#\/schema\/person\/5b9d0cfa89aee629bece162bfdf8b8bf","name":"yvette","image":{"@type":"ImageObject","inLanguage":"es","@id":"https:\/\/www.yvettepons.com\/noticias\/#\/schema\/person\/image\/","url":"https:\/\/secure.gravatar.com\/avatar\/b31da7f75aa0d53c1cd9f27269d3fd5a583671f8ae3cec5fc14a021caad18787?s=96&d=mm&r=g","contentUrl":"https:\/\/secure.gravatar.com\/avatar\/b31da7f75aa0d53c1cd9f27269d3fd5a583671f8ae3cec5fc14a021caad18787?s=96&d=mm&r=g","caption":"yvette"},"url":"https:\/\/www.yvettepons.com\/noticias\/author\/yvette\/"}]}},"_links":{"self":[{"href":"https:\/\/www.yvettepons.com\/noticias\/wp-json\/wp\/v2\/posts\/892","targetHints":{"allow":["GET"]}}],"collection":[{"href":"https:\/\/www.yvettepons.com\/noticias\/wp-json\/wp\/v2\/posts"}],"about":[{"href":"https:\/\/www.yvettepons.com\/noticias\/wp-json\/wp\/v2\/types\/post"}],"author":[{"embeddable":true,"href":"https:\/\/www.yvettepons.com\/noticias\/wp-json\/wp\/v2\/users\/1"}],"replies":[{"embeddable":true,"href":"https:\/\/www.yvettepons.com\/noticias\/wp-json\/wp\/v2\/comments?post=892"}],"version-history":[{"count":1,"href":"https:\/\/www.yvettepons.com\/noticias\/wp-json\/wp\/v2\/posts\/892\/revisions"}],"predecessor-version":[{"id":2212,"href":"https:\/\/www.yvettepons.com\/noticias\/wp-json\/wp\/v2\/posts\/892\/revisions\/2212"}],"wp:attachment":[{"href":"https:\/\/www.yvettepons.com\/noticias\/wp-json\/wp\/v2\/media?parent=892"}],"wp:term":[{"taxonomy":"category","embeddable":true,"href":"https:\/\/www.yvettepons.com\/noticias\/wp-json\/wp\/v2\/categories?post=892"},{"taxonomy":"post_tag","embeddable":true,"href":"https:\/\/www.yvettepons.com\/noticias\/wp-json\/wp\/v2\/tags?post=892"}],"curies":[{"name":"wp","href":"https:\/\/api.w.org\/{rel}","templated":true}]}}