{"id":5406,"date":"2024-05-20T18:05:59","date_gmt":"2024-05-20T16:05:59","guid":{"rendered":"https:\/\/www.yvettepons.com\/noticias\/?p=5406"},"modified":"2024-05-20T18:05:59","modified_gmt":"2024-05-20T16:05:59","slug":"esta-primavera-revitaliza-bienestar","status":"publish","type":"post","link":"https:\/\/www.yvettepons.com\/noticias\/esta-primavera-revitaliza-bienestar\/","title":{"rendered":"\u00a1Esta primavera revitaliza tu bienestar!"},"content":{"rendered":"<p><img loading=\"lazy\" decoding=\"async\" class=\"aligncenter size-full wp-image-5407\" src=\"https:\/\/www.yvettepons.com\/noticias\/wp-content\/uploads\/2024\/05\/5a-FOTO-BLOG-MAYO-YVETTE-PONS.jpg\" alt=\"\" width=\"660\" height=\"1000\" srcset=\"https:\/\/www.yvettepons.com\/noticias\/wp-content\/uploads\/2024\/05\/5a-FOTO-BLOG-MAYO-YVETTE-PONS.jpg 660w, https:\/\/www.yvettepons.com\/noticias\/wp-content\/uploads\/2024\/05\/5a-FOTO-BLOG-MAYO-YVETTE-PONS-198x300.jpg 198w, https:\/\/www.yvettepons.com\/noticias\/wp-content\/uploads\/2024\/05\/5a-FOTO-BLOG-MAYO-YVETTE-PONS-465x705.jpg 465w\" sizes=\"auto, (max-width: 660px) 100vw, 660px\" \/><\/p>\n<p>&nbsp;<\/p>\n<p>&nbsp;<\/p>\n<p>\u00a1La primavera ha llegado! Es ese momento del a\u00f1o en el que la naturaleza se despierta de su letargo invernal, y podemos unirnos a ese despertar para renovar nuestra salud f\u00edsica y mental. En esta ocasi\u00f3n, te invitamos a explorar algunas pr\u00e1cticas de autocuidado que te ayudar\u00e1n a aprovechar al m\u00e1ximo la temporada primaveral y sus beneficios.<\/p>\n<p>La meditaci\u00f3n, a menudo malentendida como dejar la mente en blanco, es en realidad una disciplina que requiere constancia y se presenta como una excelente forma de calmar la mente y reducir el estr\u00e9s.<\/p>\n<h3>\u00bfPor qu\u00e9 no llevar tu pr\u00e1ctica de meditaci\u00f3n al aire libre?<\/h3>\n<p>Encuentra un lugar tranquilo en un parque o jard\u00edn, si\u00e9ntate c\u00f3modamente y conecta con la naturaleza a tu alrededor. Respira profundamente, deja que los sonidos del entorno te gu\u00eden hacia un estado de calma y serenidad, y reduce la velocidad a la que giran tus pensamientos, concentr\u00e1ndote en una sola cosa.<\/p>\n<p>El yoga es otra forma maravillosa de fortalecer el cuerpo y calmar la mente, especialmente al practicarlo al aire libre durante la c\u00e1lida primavera. Busca un espacio tranquilo en un parque o playa, est\u00edrate, respira conscientemente y conecta con la naturaleza mientras practicas tus posturas favoritas. Los suaves rayos del sol te llenar\u00e1n de energ\u00eda y vitalidad.<\/p>\n<h3>Con m\u00e1s horas de luz y buen clima llega una amplia variedad de frutas y verduras deliciosas.<\/h3>\n<p>El cambio de estaci\u00f3n es el momento perfecto para incorporar m\u00e1s alimentos de temporada en tu dieta, como fresas, esp\u00e1rragos, espinacas y zanahorias, cargados de nutrientes y antioxidantes que mejorar\u00e1n tu salud f\u00edsica y energ\u00eda.<\/p>\n<p>Dile adi\u00f3s al gimnasio por un rato y lleva tu entrenamiento al exterior. Caminar, correr, montar en bicicleta o hacer ejercicios de calistenia son excelentes formas de ejercitar el cuerpo y disfrutar del aire fresco. \u00a1No hay nada como sentir el sol en tu piel mientras te mueves!<\/p>\n<h3>Date un capricho con tratamientos que potencien tu bienestar.<\/h3>\n<p>Reg\u00e1late una sesi\u00f3n de exfoliaci\u00f3n corporal que devuelva la luminosidad y el confort a tu piel y termina con un masaje relajante utilizando aceites esenciales que promuevan la relajaci\u00f3n y mejoren el estado de \u00e1nimo. El cuidado personal es esencial para mantener el equilibrio f\u00edsico y emocional.<\/p>\n<h3>Nada rejuvenece el esp\u00edritu como un paseo por la naturaleza.<\/h3>\n<p>Dedica tiempo para explorar nuevos rincones, senderos o reservas naturales cercanas. Respira el aire fresco, observa la belleza que te rodea y deja que la tranquilidad de la naturaleza te recargue de energ\u00eda positiva.<\/p>\n<p>La primavera tambi\u00e9n es el momento perfecto para explorar nuevos hobbies creativos o retomar aquellos que has dejado olvidados. Pintar al aire libre, cultivar un jard\u00edn, decorar tu peque\u00f1a terraza o balc\u00f3n, aprender a tocar un instrumento musical o inscribirte a clases de cocina son excelentes opciones. La creatividad es una poderosa herramienta para mejorar el bienestar emocional y la salud mental.<\/p>\n<p>En resumen, la primavera nos brinda la oportunidad de renovarnos tanto f\u00edsica como mentalmente. Aprovecha esta temporada para incorporar pr\u00e1cticas de autocuidado en tu rutina diaria y recuerda disfrutar de la belleza y vitalidad que te rodea.<\/p>\n<h3>\u00a1Tu salud y bienestar te lo agradecer\u00e1n!<\/h3>\n","protected":false},"excerpt":{"rendered":"<p>&nbsp; &nbsp; \u00a1La primavera ha llegado! Es ese momento del a\u00f1o en el que la naturaleza se despierta de su letargo invernal, y podemos unirnos a ese despertar para renovar nuestra salud f\u00edsica y mental. En esta ocasi\u00f3n, te invitamos a explorar algunas pr\u00e1cticas de autocuidado que te ayudar\u00e1n a aprovechar al m\u00e1ximo la temporada [&hellip;]<\/p>\n","protected":false},"author":1,"featured_media":5407,"comment_status":"closed","ping_status":"closed","sticky":false,"template":"","format":"standard","meta":{"footnotes":""},"categories":[215,29],"tags":[],"class_list":["post-5406","post","type-post","status-publish","format-standard","has-post-thumbnail","hentry","category-consejos","category-salud"],"yoast_head":"<!-- This site is optimized with the Yoast SEO plugin v23.3 - https:\/\/yoast.com\/wordpress\/plugins\/seo\/ -->\n<title>\u00a1Esta primavera revitaliza tu bienestar! -<\/title>\n<meta name=\"robots\" content=\"index, follow, max-snippet:-1, max-image-preview:large, max-video-preview:-1\" \/>\n<link rel=\"canonical\" href=\"https:\/\/www.yvettepons.com\/noticias\/esta-primavera-revitaliza-bienestar\/\" \/>\n<meta property=\"og:locale\" content=\"es_ES\" \/>\n<meta property=\"og:type\" content=\"article\" \/>\n<meta property=\"og:title\" content=\"\u00a1Esta primavera revitaliza tu bienestar! -\" \/>\n<meta property=\"og:description\" content=\"&nbsp; &nbsp; \u00a1La primavera ha llegado! Es ese momento del a\u00f1o en el que la naturaleza se despierta de su letargo invernal, y podemos unirnos a ese despertar para renovar nuestra salud f\u00edsica y mental. En esta ocasi\u00f3n, te invitamos a explorar algunas pr\u00e1cticas de autocuidado que te ayudar\u00e1n a aprovechar al m\u00e1ximo la temporada [&hellip;]\" \/>\n<meta property=\"og:url\" content=\"https:\/\/www.yvettepons.com\/noticias\/esta-primavera-revitaliza-bienestar\/\" \/>\n<meta property=\"article:published_time\" content=\"2024-05-20T16:05:59+00:00\" \/>\n<meta property=\"og:image\" content=\"https:\/\/www.yvettepons.com\/noticias\/wp-content\/uploads\/2024\/05\/5a-FOTO-BLOG-MAYO-YVETTE-PONS.jpg\" \/>\n\t<meta property=\"og:image:width\" content=\"660\" \/>\n\t<meta property=\"og:image:height\" content=\"1000\" \/>\n\t<meta property=\"og:image:type\" content=\"image\/jpeg\" \/>\n<meta name=\"author\" content=\"yvette\" \/>\n<meta name=\"twitter:card\" content=\"summary_large_image\" \/>\n<meta name=\"twitter:label1\" content=\"Escrito por\" \/>\n\t<meta name=\"twitter:data1\" content=\"yvette\" \/>\n\t<meta name=\"twitter:label2\" content=\"Tiempo de lectura\" \/>\n\t<meta name=\"twitter:data2\" content=\"3 minutos\" \/>\n<script type=\"application\/ld+json\" class=\"yoast-schema-graph\">{\"@context\":\"https:\/\/schema.org\",\"@graph\":[{\"@type\":\"WebPage\",\"@id\":\"https:\/\/www.yvettepons.com\/noticias\/esta-primavera-revitaliza-bienestar\/\",\"url\":\"https:\/\/www.yvettepons.com\/noticias\/esta-primavera-revitaliza-bienestar\/\",\"name\":\"\u00a1Esta primavera revitaliza tu bienestar! -\",\"isPartOf\":{\"@id\":\"https:\/\/www.yvettepons.com\/noticias\/#website\"},\"primaryImageOfPage\":{\"@id\":\"https:\/\/www.yvettepons.com\/noticias\/esta-primavera-revitaliza-bienestar\/#primaryimage\"},\"image\":{\"@id\":\"https:\/\/www.yvettepons.com\/noticias\/esta-primavera-revitaliza-bienestar\/#primaryimage\"},\"thumbnailUrl\":\"https:\/\/www.yvettepons.com\/noticias\/wp-content\/uploads\/2024\/05\/5a-FOTO-BLOG-MAYO-YVETTE-PONS.jpg\",\"datePublished\":\"2024-05-20T16:05:59+00:00\",\"dateModified\":\"2024-05-20T16:05:59+00:00\",\"author\":{\"@id\":\"https:\/\/www.yvettepons.com\/noticias\/#\/schema\/person\/5b9d0cfa89aee629bece162bfdf8b8bf\"},\"breadcrumb\":{\"@id\":\"https:\/\/www.yvettepons.com\/noticias\/esta-primavera-revitaliza-bienestar\/#breadcrumb\"},\"inLanguage\":\"es\",\"potentialAction\":[{\"@type\":\"ReadAction\",\"target\":[\"https:\/\/www.yvettepons.com\/noticias\/esta-primavera-revitaliza-bienestar\/\"]}]},{\"@type\":\"ImageObject\",\"inLanguage\":\"es\",\"@id\":\"https:\/\/www.yvettepons.com\/noticias\/esta-primavera-revitaliza-bienestar\/#primaryimage\",\"url\":\"https:\/\/www.yvettepons.com\/noticias\/wp-content\/uploads\/2024\/05\/5a-FOTO-BLOG-MAYO-YVETTE-PONS.jpg\",\"contentUrl\":\"https:\/\/www.yvettepons.com\/noticias\/wp-content\/uploads\/2024\/05\/5a-FOTO-BLOG-MAYO-YVETTE-PONS.jpg\",\"width\":660,\"height\":1000},{\"@type\":\"BreadcrumbList\",\"@id\":\"https:\/\/www.yvettepons.com\/noticias\/esta-primavera-revitaliza-bienestar\/#breadcrumb\",\"itemListElement\":[{\"@type\":\"ListItem\",\"position\":1,\"name\":\"Portada\",\"item\":\"https:\/\/www.yvettepons.com\/noticias\/\"},{\"@type\":\"ListItem\",\"position\":2,\"name\":\"\u00a1Esta primavera revitaliza tu bienestar!\"}]},{\"@type\":\"WebSite\",\"@id\":\"https:\/\/www.yvettepons.com\/noticias\/#website\",\"url\":\"https:\/\/www.yvettepons.com\/noticias\/\",\"name\":\"\",\"description\":\"\",\"potentialAction\":[{\"@type\":\"SearchAction\",\"target\":{\"@type\":\"EntryPoint\",\"urlTemplate\":\"https:\/\/www.yvettepons.com\/noticias\/?s={search_term_string}\"},\"query-input\":\"required name=search_term_string\"}],\"inLanguage\":\"es\"},{\"@type\":\"Person\",\"@id\":\"https:\/\/www.yvettepons.com\/noticias\/#\/schema\/person\/5b9d0cfa89aee629bece162bfdf8b8bf\",\"name\":\"yvette\",\"image\":{\"@type\":\"ImageObject\",\"inLanguage\":\"es\",\"@id\":\"https:\/\/www.yvettepons.com\/noticias\/#\/schema\/person\/image\/\",\"url\":\"https:\/\/secure.gravatar.com\/avatar\/b31da7f75aa0d53c1cd9f27269d3fd5a583671f8ae3cec5fc14a021caad18787?s=96&d=mm&r=g\",\"contentUrl\":\"https:\/\/secure.gravatar.com\/avatar\/b31da7f75aa0d53c1cd9f27269d3fd5a583671f8ae3cec5fc14a021caad18787?s=96&d=mm&r=g\",\"caption\":\"yvette\"},\"url\":\"https:\/\/www.yvettepons.com\/noticias\/author\/yvette\/\"}]}<\/script>\n<!-- \/ Yoast SEO plugin. -->","yoast_head_json":{"title":"\u00a1Esta primavera revitaliza tu bienestar! -","robots":{"index":"index","follow":"follow","max-snippet":"max-snippet:-1","max-image-preview":"max-image-preview:large","max-video-preview":"max-video-preview:-1"},"canonical":"https:\/\/www.yvettepons.com\/noticias\/esta-primavera-revitaliza-bienestar\/","og_locale":"es_ES","og_type":"article","og_title":"\u00a1Esta primavera revitaliza tu bienestar! -","og_description":"&nbsp; &nbsp; \u00a1La primavera ha llegado! Es ese momento del a\u00f1o en el que la naturaleza se despierta de su letargo invernal, y podemos unirnos a ese despertar para renovar nuestra salud f\u00edsica y mental. En esta ocasi\u00f3n, te invitamos a explorar algunas pr\u00e1cticas de autocuidado que te ayudar\u00e1n a aprovechar al m\u00e1ximo la temporada [&hellip;]","og_url":"https:\/\/www.yvettepons.com\/noticias\/esta-primavera-revitaliza-bienestar\/","article_published_time":"2024-05-20T16:05:59+00:00","og_image":[{"width":660,"height":1000,"url":"https:\/\/www.yvettepons.com\/noticias\/wp-content\/uploads\/2024\/05\/5a-FOTO-BLOG-MAYO-YVETTE-PONS.jpg","type":"image\/jpeg"}],"author":"yvette","twitter_card":"summary_large_image","twitter_misc":{"Escrito por":"yvette","Tiempo de lectura":"3 minutos"},"schema":{"@context":"https:\/\/schema.org","@graph":[{"@type":"WebPage","@id":"https:\/\/www.yvettepons.com\/noticias\/esta-primavera-revitaliza-bienestar\/","url":"https:\/\/www.yvettepons.com\/noticias\/esta-primavera-revitaliza-bienestar\/","name":"\u00a1Esta primavera revitaliza tu bienestar! -","isPartOf":{"@id":"https:\/\/www.yvettepons.com\/noticias\/#website"},"primaryImageOfPage":{"@id":"https:\/\/www.yvettepons.com\/noticias\/esta-primavera-revitaliza-bienestar\/#primaryimage"},"image":{"@id":"https:\/\/www.yvettepons.com\/noticias\/esta-primavera-revitaliza-bienestar\/#primaryimage"},"thumbnailUrl":"https:\/\/www.yvettepons.com\/noticias\/wp-content\/uploads\/2024\/05\/5a-FOTO-BLOG-MAYO-YVETTE-PONS.jpg","datePublished":"2024-05-20T16:05:59+00:00","dateModified":"2024-05-20T16:05:59+00:00","author":{"@id":"https:\/\/www.yvettepons.com\/noticias\/#\/schema\/person\/5b9d0cfa89aee629bece162bfdf8b8bf"},"breadcrumb":{"@id":"https:\/\/www.yvettepons.com\/noticias\/esta-primavera-revitaliza-bienestar\/#breadcrumb"},"inLanguage":"es","potentialAction":[{"@type":"ReadAction","target":["https:\/\/www.yvettepons.com\/noticias\/esta-primavera-revitaliza-bienestar\/"]}]},{"@type":"ImageObject","inLanguage":"es","@id":"https:\/\/www.yvettepons.com\/noticias\/esta-primavera-revitaliza-bienestar\/#primaryimage","url":"https:\/\/www.yvettepons.com\/noticias\/wp-content\/uploads\/2024\/05\/5a-FOTO-BLOG-MAYO-YVETTE-PONS.jpg","contentUrl":"https:\/\/www.yvettepons.com\/noticias\/wp-content\/uploads\/2024\/05\/5a-FOTO-BLOG-MAYO-YVETTE-PONS.jpg","width":660,"height":1000},{"@type":"BreadcrumbList","@id":"https:\/\/www.yvettepons.com\/noticias\/esta-primavera-revitaliza-bienestar\/#breadcrumb","itemListElement":[{"@type":"ListItem","position":1,"name":"Portada","item":"https:\/\/www.yvettepons.com\/noticias\/"},{"@type":"ListItem","position":2,"name":"\u00a1Esta primavera revitaliza tu bienestar!"}]},{"@type":"WebSite","@id":"https:\/\/www.yvettepons.com\/noticias\/#website","url":"https:\/\/www.yvettepons.com\/noticias\/","name":"","description":"","potentialAction":[{"@type":"SearchAction","target":{"@type":"EntryPoint","urlTemplate":"https:\/\/www.yvettepons.com\/noticias\/?s={search_term_string}"},"query-input":"required name=search_term_string"}],"inLanguage":"es"},{"@type":"Person","@id":"https:\/\/www.yvettepons.com\/noticias\/#\/schema\/person\/5b9d0cfa89aee629bece162bfdf8b8bf","name":"yvette","image":{"@type":"ImageObject","inLanguage":"es","@id":"https:\/\/www.yvettepons.com\/noticias\/#\/schema\/person\/image\/","url":"https:\/\/secure.gravatar.com\/avatar\/b31da7f75aa0d53c1cd9f27269d3fd5a583671f8ae3cec5fc14a021caad18787?s=96&d=mm&r=g","contentUrl":"https:\/\/secure.gravatar.com\/avatar\/b31da7f75aa0d53c1cd9f27269d3fd5a583671f8ae3cec5fc14a021caad18787?s=96&d=mm&r=g","caption":"yvette"},"url":"https:\/\/www.yvettepons.com\/noticias\/author\/yvette\/"}]}},"_links":{"self":[{"href":"https:\/\/www.yvettepons.com\/noticias\/wp-json\/wp\/v2\/posts\/5406","targetHints":{"allow":["GET"]}}],"collection":[{"href":"https:\/\/www.yvettepons.com\/noticias\/wp-json\/wp\/v2\/posts"}],"about":[{"href":"https:\/\/www.yvettepons.com\/noticias\/wp-json\/wp\/v2\/types\/post"}],"author":[{"embeddable":true,"href":"https:\/\/www.yvettepons.com\/noticias\/wp-json\/wp\/v2\/users\/1"}],"replies":[{"embeddable":true,"href":"https:\/\/www.yvettepons.com\/noticias\/wp-json\/wp\/v2\/comments?post=5406"}],"version-history":[{"count":1,"href":"https:\/\/www.yvettepons.com\/noticias\/wp-json\/wp\/v2\/posts\/5406\/revisions"}],"predecessor-version":[{"id":5408,"href":"https:\/\/www.yvettepons.com\/noticias\/wp-json\/wp\/v2\/posts\/5406\/revisions\/5408"}],"wp:featuredmedia":[{"embeddable":true,"href":"https:\/\/www.yvettepons.com\/noticias\/wp-json\/wp\/v2\/media\/5407"}],"wp:attachment":[{"href":"https:\/\/www.yvettepons.com\/noticias\/wp-json\/wp\/v2\/media?parent=5406"}],"wp:term":[{"taxonomy":"category","embeddable":true,"href":"https:\/\/www.yvettepons.com\/noticias\/wp-json\/wp\/v2\/categories?post=5406"},{"taxonomy":"post_tag","embeddable":true,"href":"https:\/\/www.yvettepons.com\/noticias\/wp-json\/wp\/v2\/tags?post=5406"}],"curies":[{"name":"wp","href":"https:\/\/api.w.org\/{rel}","templated":true}]}}