{"id":5378,"date":"2023-11-06T11:48:47","date_gmt":"2023-11-06T09:48:47","guid":{"rendered":"https:\/\/www.yvettepons.com\/noticias\/?p=5378"},"modified":"2023-10-19T12:01:42","modified_gmt":"2023-10-19T10:01:42","slug":"la-singularidad-la-belleza","status":"publish","type":"post","link":"https:\/\/www.yvettepons.com\/noticias\/la-singularidad-la-belleza\/","title":{"rendered":"La singularidad de la belleza"},"content":{"rendered":"<p><img loading=\"lazy\" decoding=\"async\" class=\"aligncenter  wp-image-5379\" src=\"http:\/\/www.yvettepons.com\/noticias\/wp-content\/uploads\/2023\/10\/foto-blogh-1030x1030.png\" alt=\"\" width=\"366\" height=\"366\" srcset=\"https:\/\/www.yvettepons.com\/noticias\/wp-content\/uploads\/2023\/10\/foto-blogh-1030x1030.png 1030w, https:\/\/www.yvettepons.com\/noticias\/wp-content\/uploads\/2023\/10\/foto-blogh-300x300.png 300w, https:\/\/www.yvettepons.com\/noticias\/wp-content\/uploads\/2023\/10\/foto-blogh-80x80.png 80w, https:\/\/www.yvettepons.com\/noticias\/wp-content\/uploads\/2023\/10\/foto-blogh-768x768.png 768w, https:\/\/www.yvettepons.com\/noticias\/wp-content\/uploads\/2023\/10\/foto-blogh-1536x1536.png 1536w, https:\/\/www.yvettepons.com\/noticias\/wp-content\/uploads\/2023\/10\/foto-blogh-2048x2048.png 2048w, https:\/\/www.yvettepons.com\/noticias\/wp-content\/uploads\/2023\/10\/foto-blogh-36x36.png 36w, https:\/\/www.yvettepons.com\/noticias\/wp-content\/uploads\/2023\/10\/foto-blogh-180x180.png 180w, https:\/\/www.yvettepons.com\/noticias\/wp-content\/uploads\/2023\/10\/foto-blogh-1500x1500.png 1500w, https:\/\/www.yvettepons.com\/noticias\/wp-content\/uploads\/2023\/10\/foto-blogh-705x705.png 705w\" sizes=\"auto, (max-width: 366px) 100vw, 366px\" \/><\/p>\n<p class=\"p1\">La percepci\u00f3n de la belleza es un concepto sumamente subjetivo y diverso, influenciado por factores culturales, individuales y evolutivos. La interpretaci\u00f3n y experiencia de la belleza en todo lo que nos rodea, ya sean personas, objetos, paisajes, obras de arte, expresiones auditivas o incluso conceptos, siempre se manifiestan de manera personal y pueden evolucionar con el tiempo y el contexto.<\/p>\n<p class=\"p3\"><b>\u00bfQu\u00e9 ves cuando te miras al espejo?<\/b><\/p>\n<p class=\"p3\">Como nos ven los dem\u00e1s pueden distar mucho de la imagen que tenemos de nosotros mismos. Este fen\u00f3meno puede atribuirse a una serie de factores, como la falta de autoconciencia, la reafirmaci\u00f3n constante o la autocr\u00edtica.<\/p>\n<p class=\"p4\">En numerosas ocasiones, buscamos informaci\u00f3n que confirme ciertas creencias arraigadas sobre nosotros mismos. Por ejemplo, frases como \u00abSoy demasiado mayor para llevar este corte de cabello\u00bb o \u00abSi no tuviera estos rasgos, ser\u00eda m\u00e1s atractivo\/a\u00bb pueden desencadenar discrepancias entre nuestra autoimagen y la percepci\u00f3n que los dem\u00e1s tienen de nosotros.<\/p>\n<p class=\"p4\">Rara vez somos conscientes de c\u00f3mo nuestras acciones y gestos afectan a los dem\u00e1s, incluyendo nuestra mirada y sonrisa. A menudo, nuestra autopercepci\u00f3n se ti\u00f1e de un sesgo cr\u00edtico o autocr\u00edtico, lo que puede llevarnos a tener una visi\u00f3n negativa de nosotros mismos, mientras que los dem\u00e1s son capaces de apreciar nuestras cualidades m\u00e1s positivas.<\/p>\n<p class=\"p3\"><b><i>Deshojando la margarita; Me quiero o no me quiero \u2026<span class=\"Apple-converted-space\">\u00a0<\/span><\/i><\/b><\/p>\n<p class=\"p3\">Existen muchos t\u00e9rminos para describir el respeto, la estima y los cuidados que nos propiciamos. Autoestima, autovaloraci\u00f3n o, simplemente, amor propio; son palabras con mucho poder que hacen referencia a la estimaci\u00f3n positiva que una persona tiene de s\u00ed misma y a la importancia que le da a sus propios sentimientos, necesidades y deseos.<\/p>\n<p class=\"p7\"><span class=\"s1\">Hoy, m\u00e1s que nunca, es fundamental cultivar la autoaceptaci\u00f3n, celebrar la autenticidad y valorar la singularidad que nos convierte en seres \u00fanicos. <\/span>Debemos comprender la importancia de preservar nuestra individualidad, tanto en aspectos f\u00edsicos como espirituales, para que nada ni nadie nos prive de esas caracter\u00edsticas que nos convierten en seres extraordinarios.<\/p>\n<p class=\"p8\">La imagen que proyectamos no es sino el relato de nuestra vida, y cuando lo compartimos, tejemos conexiones maravillosas con los dem\u00e1s. Son estas caracter\u00edsticas que nos distinguen las que crean la belleza que otros encuentran en nosotros. La elegancia, que nada tiene que ver con la ropa o los accesorios que llevas puesto. La gracia, el estilo genuino de decir y hacer las cosas, mostrarte tal y como eres.<span class=\"Apple-converted-space\">\u00a0<\/span><\/p>\n<p class=\"p8\">Conf\u00eda en tu singularidad. \u00bfExiste algo m\u00e1s poderoso en t\u00e9rminos de belleza?<\/p>\n","protected":false},"excerpt":{"rendered":"<p>La percepci\u00f3n de la belleza es un concepto sumamente subjetivo y diverso, influenciado por factores culturales, individuales y evolutivos. La interpretaci\u00f3n y experiencia de la belleza en todo lo que nos rodea, ya sean personas, objetos, paisajes, obras de arte, expresiones auditivas o incluso conceptos, siempre se manifiestan de manera personal y pueden evolucionar con [&hellip;]<\/p>\n","protected":false},"author":1,"featured_media":5379,"comment_status":"closed","ping_status":"closed","sticky":false,"template":"","format":"standard","meta":{"footnotes":""},"categories":[29],"tags":[],"class_list":["post-5378","post","type-post","status-publish","format-standard","has-post-thumbnail","hentry","category-salud"],"yoast_head":"<!-- This site is optimized with the Yoast SEO plugin v23.3 - https:\/\/yoast.com\/wordpress\/plugins\/seo\/ -->\n<title>La singularidad de la belleza -<\/title>\n<meta name=\"robots\" content=\"index, follow, max-snippet:-1, max-image-preview:large, max-video-preview:-1\" \/>\n<link rel=\"canonical\" href=\"https:\/\/www.yvettepons.com\/noticias\/la-singularidad-la-belleza\/\" \/>\n<meta property=\"og:locale\" content=\"es_ES\" \/>\n<meta property=\"og:type\" content=\"article\" \/>\n<meta property=\"og:title\" content=\"La singularidad de la belleza -\" \/>\n<meta property=\"og:description\" content=\"La percepci\u00f3n de la belleza es un concepto sumamente subjetivo y diverso, influenciado por factores culturales, individuales y evolutivos. La interpretaci\u00f3n y experiencia de la belleza en todo lo que nos rodea, ya sean personas, objetos, paisajes, obras de arte, expresiones auditivas o incluso conceptos, siempre se manifiestan de manera personal y pueden evolucionar con [&hellip;]\" \/>\n<meta property=\"og:url\" content=\"https:\/\/www.yvettepons.com\/noticias\/la-singularidad-la-belleza\/\" \/>\n<meta property=\"article:published_time\" content=\"2023-11-06T09:48:47+00:00\" \/>\n<meta property=\"article:modified_time\" content=\"2023-10-19T10:01:42+00:00\" \/>\n<meta property=\"og:image\" content=\"https:\/\/www.yvettepons.com\/noticias\/wp-content\/uploads\/2023\/10\/foto-blogh-1030x1030.png\" \/>\n\t<meta property=\"og:image:width\" content=\"1030\" \/>\n\t<meta property=\"og:image:height\" content=\"1030\" \/>\n\t<meta property=\"og:image:type\" content=\"image\/png\" \/>\n<meta name=\"author\" content=\"yvette\" \/>\n<meta name=\"twitter:card\" content=\"summary_large_image\" \/>\n<meta name=\"twitter:label1\" content=\"Escrito por\" \/>\n\t<meta name=\"twitter:data1\" content=\"yvette\" \/>\n\t<meta name=\"twitter:label2\" content=\"Tiempo de lectura\" \/>\n\t<meta name=\"twitter:data2\" content=\"2 minutos\" \/>\n<script type=\"application\/ld+json\" class=\"yoast-schema-graph\">{\"@context\":\"https:\/\/schema.org\",\"@graph\":[{\"@type\":\"WebPage\",\"@id\":\"https:\/\/www.yvettepons.com\/noticias\/la-singularidad-la-belleza\/\",\"url\":\"https:\/\/www.yvettepons.com\/noticias\/la-singularidad-la-belleza\/\",\"name\":\"La singularidad de la belleza -\",\"isPartOf\":{\"@id\":\"https:\/\/www.yvettepons.com\/noticias\/#website\"},\"primaryImageOfPage\":{\"@id\":\"https:\/\/www.yvettepons.com\/noticias\/la-singularidad-la-belleza\/#primaryimage\"},\"image\":{\"@id\":\"https:\/\/www.yvettepons.com\/noticias\/la-singularidad-la-belleza\/#primaryimage\"},\"thumbnailUrl\":\"https:\/\/www.yvettepons.com\/noticias\/wp-content\/uploads\/2023\/10\/foto-blogh.png\",\"datePublished\":\"2023-11-06T09:48:47+00:00\",\"dateModified\":\"2023-10-19T10:01:42+00:00\",\"author\":{\"@id\":\"https:\/\/www.yvettepons.com\/noticias\/#\/schema\/person\/5b9d0cfa89aee629bece162bfdf8b8bf\"},\"breadcrumb\":{\"@id\":\"https:\/\/www.yvettepons.com\/noticias\/la-singularidad-la-belleza\/#breadcrumb\"},\"inLanguage\":\"es\",\"potentialAction\":[{\"@type\":\"ReadAction\",\"target\":[\"https:\/\/www.yvettepons.com\/noticias\/la-singularidad-la-belleza\/\"]}]},{\"@type\":\"ImageObject\",\"inLanguage\":\"es\",\"@id\":\"https:\/\/www.yvettepons.com\/noticias\/la-singularidad-la-belleza\/#primaryimage\",\"url\":\"https:\/\/www.yvettepons.com\/noticias\/wp-content\/uploads\/2023\/10\/foto-blogh.png\",\"contentUrl\":\"https:\/\/www.yvettepons.com\/noticias\/wp-content\/uploads\/2023\/10\/foto-blogh.png\",\"width\":3375,\"height\":3375},{\"@type\":\"BreadcrumbList\",\"@id\":\"https:\/\/www.yvettepons.com\/noticias\/la-singularidad-la-belleza\/#breadcrumb\",\"itemListElement\":[{\"@type\":\"ListItem\",\"position\":1,\"name\":\"Portada\",\"item\":\"https:\/\/www.yvettepons.com\/noticias\/\"},{\"@type\":\"ListItem\",\"position\":2,\"name\":\"La singularidad de la belleza\"}]},{\"@type\":\"WebSite\",\"@id\":\"https:\/\/www.yvettepons.com\/noticias\/#website\",\"url\":\"https:\/\/www.yvettepons.com\/noticias\/\",\"name\":\"\",\"description\":\"\",\"potentialAction\":[{\"@type\":\"SearchAction\",\"target\":{\"@type\":\"EntryPoint\",\"urlTemplate\":\"https:\/\/www.yvettepons.com\/noticias\/?s={search_term_string}\"},\"query-input\":\"required name=search_term_string\"}],\"inLanguage\":\"es\"},{\"@type\":\"Person\",\"@id\":\"https:\/\/www.yvettepons.com\/noticias\/#\/schema\/person\/5b9d0cfa89aee629bece162bfdf8b8bf\",\"name\":\"yvette\",\"image\":{\"@type\":\"ImageObject\",\"inLanguage\":\"es\",\"@id\":\"https:\/\/www.yvettepons.com\/noticias\/#\/schema\/person\/image\/\",\"url\":\"https:\/\/secure.gravatar.com\/avatar\/b31da7f75aa0d53c1cd9f27269d3fd5a583671f8ae3cec5fc14a021caad18787?s=96&d=mm&r=g\",\"contentUrl\":\"https:\/\/secure.gravatar.com\/avatar\/b31da7f75aa0d53c1cd9f27269d3fd5a583671f8ae3cec5fc14a021caad18787?s=96&d=mm&r=g\",\"caption\":\"yvette\"},\"url\":\"https:\/\/www.yvettepons.com\/noticias\/author\/yvette\/\"}]}<\/script>\n<!-- \/ Yoast SEO plugin. -->","yoast_head_json":{"title":"La singularidad de la belleza -","robots":{"index":"index","follow":"follow","max-snippet":"max-snippet:-1","max-image-preview":"max-image-preview:large","max-video-preview":"max-video-preview:-1"},"canonical":"https:\/\/www.yvettepons.com\/noticias\/la-singularidad-la-belleza\/","og_locale":"es_ES","og_type":"article","og_title":"La singularidad de la belleza -","og_description":"La percepci\u00f3n de la belleza es un concepto sumamente subjetivo y diverso, influenciado por factores culturales, individuales y evolutivos. La interpretaci\u00f3n y experiencia de la belleza en todo lo que nos rodea, ya sean personas, objetos, paisajes, obras de arte, expresiones auditivas o incluso conceptos, siempre se manifiestan de manera personal y pueden evolucionar con [&hellip;]","og_url":"https:\/\/www.yvettepons.com\/noticias\/la-singularidad-la-belleza\/","article_published_time":"2023-11-06T09:48:47+00:00","article_modified_time":"2023-10-19T10:01:42+00:00","og_image":[{"width":1030,"height":1030,"url":"https:\/\/www.yvettepons.com\/noticias\/wp-content\/uploads\/2023\/10\/foto-blogh-1030x1030.png","type":"image\/png"}],"author":"yvette","twitter_card":"summary_large_image","twitter_misc":{"Escrito por":"yvette","Tiempo de lectura":"2 minutos"},"schema":{"@context":"https:\/\/schema.org","@graph":[{"@type":"WebPage","@id":"https:\/\/www.yvettepons.com\/noticias\/la-singularidad-la-belleza\/","url":"https:\/\/www.yvettepons.com\/noticias\/la-singularidad-la-belleza\/","name":"La singularidad de la belleza -","isPartOf":{"@id":"https:\/\/www.yvettepons.com\/noticias\/#website"},"primaryImageOfPage":{"@id":"https:\/\/www.yvettepons.com\/noticias\/la-singularidad-la-belleza\/#primaryimage"},"image":{"@id":"https:\/\/www.yvettepons.com\/noticias\/la-singularidad-la-belleza\/#primaryimage"},"thumbnailUrl":"https:\/\/www.yvettepons.com\/noticias\/wp-content\/uploads\/2023\/10\/foto-blogh.png","datePublished":"2023-11-06T09:48:47+00:00","dateModified":"2023-10-19T10:01:42+00:00","author":{"@id":"https:\/\/www.yvettepons.com\/noticias\/#\/schema\/person\/5b9d0cfa89aee629bece162bfdf8b8bf"},"breadcrumb":{"@id":"https:\/\/www.yvettepons.com\/noticias\/la-singularidad-la-belleza\/#breadcrumb"},"inLanguage":"es","potentialAction":[{"@type":"ReadAction","target":["https:\/\/www.yvettepons.com\/noticias\/la-singularidad-la-belleza\/"]}]},{"@type":"ImageObject","inLanguage":"es","@id":"https:\/\/www.yvettepons.com\/noticias\/la-singularidad-la-belleza\/#primaryimage","url":"https:\/\/www.yvettepons.com\/noticias\/wp-content\/uploads\/2023\/10\/foto-blogh.png","contentUrl":"https:\/\/www.yvettepons.com\/noticias\/wp-content\/uploads\/2023\/10\/foto-blogh.png","width":3375,"height":3375},{"@type":"BreadcrumbList","@id":"https:\/\/www.yvettepons.com\/noticias\/la-singularidad-la-belleza\/#breadcrumb","itemListElement":[{"@type":"ListItem","position":1,"name":"Portada","item":"https:\/\/www.yvettepons.com\/noticias\/"},{"@type":"ListItem","position":2,"name":"La singularidad de la belleza"}]},{"@type":"WebSite","@id":"https:\/\/www.yvettepons.com\/noticias\/#website","url":"https:\/\/www.yvettepons.com\/noticias\/","name":"","description":"","potentialAction":[{"@type":"SearchAction","target":{"@type":"EntryPoint","urlTemplate":"https:\/\/www.yvettepons.com\/noticias\/?s={search_term_string}"},"query-input":"required name=search_term_string"}],"inLanguage":"es"},{"@type":"Person","@id":"https:\/\/www.yvettepons.com\/noticias\/#\/schema\/person\/5b9d0cfa89aee629bece162bfdf8b8bf","name":"yvette","image":{"@type":"ImageObject","inLanguage":"es","@id":"https:\/\/www.yvettepons.com\/noticias\/#\/schema\/person\/image\/","url":"https:\/\/secure.gravatar.com\/avatar\/b31da7f75aa0d53c1cd9f27269d3fd5a583671f8ae3cec5fc14a021caad18787?s=96&d=mm&r=g","contentUrl":"https:\/\/secure.gravatar.com\/avatar\/b31da7f75aa0d53c1cd9f27269d3fd5a583671f8ae3cec5fc14a021caad18787?s=96&d=mm&r=g","caption":"yvette"},"url":"https:\/\/www.yvettepons.com\/noticias\/author\/yvette\/"}]}},"_links":{"self":[{"href":"https:\/\/www.yvettepons.com\/noticias\/wp-json\/wp\/v2\/posts\/5378","targetHints":{"allow":["GET"]}}],"collection":[{"href":"https:\/\/www.yvettepons.com\/noticias\/wp-json\/wp\/v2\/posts"}],"about":[{"href":"https:\/\/www.yvettepons.com\/noticias\/wp-json\/wp\/v2\/types\/post"}],"author":[{"embeddable":true,"href":"https:\/\/www.yvettepons.com\/noticias\/wp-json\/wp\/v2\/users\/1"}],"replies":[{"embeddable":true,"href":"https:\/\/www.yvettepons.com\/noticias\/wp-json\/wp\/v2\/comments?post=5378"}],"version-history":[{"count":3,"href":"https:\/\/www.yvettepons.com\/noticias\/wp-json\/wp\/v2\/posts\/5378\/revisions"}],"predecessor-version":[{"id":5382,"href":"https:\/\/www.yvettepons.com\/noticias\/wp-json\/wp\/v2\/posts\/5378\/revisions\/5382"}],"wp:featuredmedia":[{"embeddable":true,"href":"https:\/\/www.yvettepons.com\/noticias\/wp-json\/wp\/v2\/media\/5379"}],"wp:attachment":[{"href":"https:\/\/www.yvettepons.com\/noticias\/wp-json\/wp\/v2\/media?parent=5378"}],"wp:term":[{"taxonomy":"category","embeddable":true,"href":"https:\/\/www.yvettepons.com\/noticias\/wp-json\/wp\/v2\/categories?post=5378"},{"taxonomy":"post_tag","embeddable":true,"href":"https:\/\/www.yvettepons.com\/noticias\/wp-json\/wp\/v2\/tags?post=5378"}],"curies":[{"name":"wp","href":"https:\/\/api.w.org\/{rel}","templated":true}]}}