{"id":5298,"date":"2023-01-12T07:45:52","date_gmt":"2023-01-12T07:45:52","guid":{"rendered":"http:\/\/www.yvettepons.com\/noticias\/?p=5298"},"modified":"2023-01-12T07:46:50","modified_gmt":"2023-01-12T07:46:50","slug":"la-excelencia-tus-manos-poder-la-juventud-facial-yv-lyfth-by-yvette-pons","status":"publish","type":"post","link":"https:\/\/www.yvettepons.com\/noticias\/la-excelencia-tus-manos-poder-la-juventud-facial-yv-lyfth-by-yvette-pons\/","title":{"rendered":"La excelencia en tus manos, el poder de la juventud, FACIAL YV-LYFTH\u00ae by Yvette Pons"},"content":{"rendered":"<blockquote>\n<p><strong><em>El secreto es YV-LYFTH\u00ae, la nueva terapia de Yvette Pons disen\u0303ada para mejorar el aspecto de tu piel, el envejecimiento y su eje corporal con solo el poder de las manos.<\/em><\/strong><\/p>\n<\/blockquote>\n<p class=\"p1\"><b>YV-LYFTH\u00ae <\/b>es un m\u00e9todo totalmente natural, innovador, \u00fanico y muy efectivo que recorre columna, diafragma, esc\u00e1pulas, hombros, cervicales, escote, nuca, cuello, rostro, cr\u00e1neo y contorno de los ojos, para frenar, mejorar y en algunos casos eliminar el descolgamiento muscular, la flacidez tisular, las l\u00edneas de expresi\u00f3n, los cambios morfol\u00f3gicos \u00f3seos, la falta de luminosidad de la piel y a la vez mejorar el eje corporal a trav\u00e9s de la correcci\u00f3n biomec\u00e1nica, desde el sacro y las respiraciones diafragma-tor\u00e1cicas, cuya incorrecci\u00f3n funcional influye en el avance de los cambios estructurales del rostro.<\/p>\n<p class=\"p1\">La terapia <b>YV-LYFTH\u00ae <\/b>act\u00faa directamente sobre la estructura anat\u00f3mica y fisiol\u00f3gica que con los a\u00f1os va debilit\u00e1ndose y menguado, no tan solo por la edad cronol\u00f3gica, sino tambi\u00e9n por factores internos, emocionales y externos, que aceleran y desgastan las c\u00e9lulas prematuramente.<\/p>\n<p class=\"p1\">Lo excepcional de <b>YV-LYFTH\u00ae <\/b>es la metodolog\u00eda Eje-Rostro y la selecci\u00f3n de las diferentes t\u00e9cnicas que la componen, para obtener un resultado VIRTUOSO en el tratamiento del rejuvenecimiento facial. Las t\u00e9cnicas y maniobras que engloba <b>YV-LYFTH\u00ae <\/b>son la t\u00e9cnica de alineamiento sacro vertebral, la t\u00e9cnica de apertura diafragm\u00e1tica, linfo aperturas, la t\u00e9cnica de liberaci\u00f3n del cuello y despegue epicraneal, vibraci\u00f3n destensante, del pianista y la t\u00e9cnica de planchado y oseopresi\u00f3n.<\/p>\n<p class=\"p1\"><b>YV-LYFTH\u00ae <\/b>ha sido dise\u00f1ada para todas aquellas personas que necesiten mejorar el aspecto de su piel, el envejecimiento y su eje corporal. El n\u00famero de sesiones puede variar seg\u00fan sexo, edad y grado de envejecimiento. Aunque los resultados se aprecian desde la primera sesi\u00f3n, se recomiendan entre 6 y 12 sesiones, 2 sesiones por semana es lo ideal.<\/p>\n<p class=\"p1\">Tras la terapia, se recomienda un mantenimiento de 1 sesi\u00f3n cada 4 semanas. Y se recomienda realizar 4 sesiones una vez al a\u00f1o, con una continuidad de 2 sesiones semanales.<\/p>\n<p><strong>RESULTADOS ESTE\u0301TICOS DEL FACIAL YV-LYFTH\u00ae<br \/>\n<\/strong>\u2022 Equilibra la posicio\u0301n de la pelvis.<br \/>\n\u2022 Alinea la columna, las cervicales y su eje.<br \/>\n\u2022 Mejora la respiracio\u0301n y el funcionamiento visceral.<br \/>\n\u2022 Alarga el cuello.<br \/>\n\u2022 Remodela todo el o\u0301valo facial.<br \/>\n\u2022 Reafirma la musculatura.<br \/>\n\u2022 Eleva las cejas.<br \/>\n\u2022 Apertura del orbicular de los ojos.<br \/>\n\u2022 Elimina las li\u0301neas de expresio\u0301n superficiales.<br \/>\n\u2022 Disminuye las arrugas profundas.<br \/>\n\u2022 Aumenta la iluminacio\u0301n de la piel.<br \/>\n\u2022 Devuelve el grosor al tejido.<br \/>\n\u2022 Elimina toxinas de los tejidos.<br \/>\n\u2022 Regula la oxigenacio\u0301n, hidratacio\u0301n y nutricio\u0301n de la piel.<br \/>\n\u2022 Mejora la morfologi\u0301a o\u0301sea del rostro.<\/p>\n","protected":false},"excerpt":{"rendered":"<p>El secreto es YV-LYFTH\u00ae, la nueva terapia de Yvette Pons disen\u0303ada para mejorar el aspecto de tu piel, el envejecimiento y su eje corporal con solo el poder de las manos. YV-LYFTH\u00ae es un m\u00e9todo totalmente natural, innovador, \u00fanico y muy efectivo que recorre columna, diafragma, esc\u00e1pulas, hombros, cervicales, escote, nuca, cuello, rostro, cr\u00e1neo y [&hellip;]<\/p>\n","protected":false},"author":1,"featured_media":5300,"comment_status":"closed","ping_status":"closed","sticky":false,"template":"","format":"standard","meta":{"footnotes":""},"categories":[51],"tags":[],"class_list":["post-5298","post","type-post","status-publish","format-standard","has-post-thumbnail","hentry","category-tractaments"],"yoast_head":"<!-- This site is optimized with the Yoast SEO plugin v23.3 - https:\/\/yoast.com\/wordpress\/plugins\/seo\/ -->\n<title>La excelencia en tus manos, el poder de la juventud, FACIAL YV-LYFTH\u00ae by Yvette Pons -<\/title>\n<meta name=\"robots\" content=\"index, follow, max-snippet:-1, max-image-preview:large, max-video-preview:-1\" \/>\n<link rel=\"canonical\" href=\"https:\/\/www.yvettepons.com\/noticias\/la-excelencia-tus-manos-poder-la-juventud-facial-yv-lyfth-by-yvette-pons\/\" \/>\n<meta property=\"og:locale\" content=\"es_ES\" \/>\n<meta property=\"og:type\" content=\"article\" \/>\n<meta property=\"og:title\" content=\"La excelencia en tus manos, el poder de la juventud, FACIAL YV-LYFTH\u00ae by Yvette Pons -\" \/>\n<meta property=\"og:description\" content=\"El secreto es YV-LYFTH\u00ae, la nueva terapia de Yvette Pons disen\u0303ada para mejorar el aspecto de tu piel, el envejecimiento y su eje corporal con solo el poder de las manos. YV-LYFTH\u00ae es un m\u00e9todo totalmente natural, innovador, \u00fanico y muy efectivo que recorre columna, diafragma, esc\u00e1pulas, hombros, cervicales, escote, nuca, cuello, rostro, cr\u00e1neo y [&hellip;]\" \/>\n<meta property=\"og:url\" content=\"https:\/\/www.yvettepons.com\/noticias\/la-excelencia-tus-manos-poder-la-juventud-facial-yv-lyfth-by-yvette-pons\/\" \/>\n<meta property=\"article:published_time\" content=\"2023-01-12T07:45:52+00:00\" \/>\n<meta property=\"article:modified_time\" content=\"2023-01-12T07:46:50+00:00\" \/>\n<meta property=\"og:image\" content=\"https:\/\/www.yvettepons.com\/noticias\/wp-content\/uploads\/2023\/01\/image00014-scaled-e1673509526637.jpeg\" \/>\n\t<meta property=\"og:image:width\" content=\"1000\" \/>\n\t<meta property=\"og:image:height\" content=\"1333\" \/>\n\t<meta property=\"og:image:type\" content=\"image\/jpeg\" \/>\n<meta name=\"author\" content=\"yvette\" \/>\n<meta name=\"twitter:card\" content=\"summary_large_image\" \/>\n<meta name=\"twitter:label1\" content=\"Escrito por\" \/>\n\t<meta name=\"twitter:data1\" content=\"yvette\" \/>\n\t<meta name=\"twitter:label2\" content=\"Tiempo de lectura\" \/>\n\t<meta name=\"twitter:data2\" content=\"2 minutos\" \/>\n<script type=\"application\/ld+json\" class=\"yoast-schema-graph\">{\"@context\":\"https:\/\/schema.org\",\"@graph\":[{\"@type\":\"WebPage\",\"@id\":\"https:\/\/www.yvettepons.com\/noticias\/la-excelencia-tus-manos-poder-la-juventud-facial-yv-lyfth-by-yvette-pons\/\",\"url\":\"https:\/\/www.yvettepons.com\/noticias\/la-excelencia-tus-manos-poder-la-juventud-facial-yv-lyfth-by-yvette-pons\/\",\"name\":\"La excelencia en tus manos, el poder de la juventud, FACIAL YV-LYFTH\u00ae by Yvette Pons -\",\"isPartOf\":{\"@id\":\"https:\/\/www.yvettepons.com\/noticias\/#website\"},\"primaryImageOfPage\":{\"@id\":\"https:\/\/www.yvettepons.com\/noticias\/la-excelencia-tus-manos-poder-la-juventud-facial-yv-lyfth-by-yvette-pons\/#primaryimage\"},\"image\":{\"@id\":\"https:\/\/www.yvettepons.com\/noticias\/la-excelencia-tus-manos-poder-la-juventud-facial-yv-lyfth-by-yvette-pons\/#primaryimage\"},\"thumbnailUrl\":\"https:\/\/www.yvettepons.com\/noticias\/wp-content\/uploads\/2023\/01\/image00014-scaled-e1673509526637.jpeg\",\"datePublished\":\"2023-01-12T07:45:52+00:00\",\"dateModified\":\"2023-01-12T07:46:50+00:00\",\"author\":{\"@id\":\"https:\/\/www.yvettepons.com\/noticias\/#\/schema\/person\/5b9d0cfa89aee629bece162bfdf8b8bf\"},\"breadcrumb\":{\"@id\":\"https:\/\/www.yvettepons.com\/noticias\/la-excelencia-tus-manos-poder-la-juventud-facial-yv-lyfth-by-yvette-pons\/#breadcrumb\"},\"inLanguage\":\"es\",\"potentialAction\":[{\"@type\":\"ReadAction\",\"target\":[\"https:\/\/www.yvettepons.com\/noticias\/la-excelencia-tus-manos-poder-la-juventud-facial-yv-lyfth-by-yvette-pons\/\"]}]},{\"@type\":\"ImageObject\",\"inLanguage\":\"es\",\"@id\":\"https:\/\/www.yvettepons.com\/noticias\/la-excelencia-tus-manos-poder-la-juventud-facial-yv-lyfth-by-yvette-pons\/#primaryimage\",\"url\":\"https:\/\/www.yvettepons.com\/noticias\/wp-content\/uploads\/2023\/01\/image00014-scaled-e1673509526637.jpeg\",\"contentUrl\":\"https:\/\/www.yvettepons.com\/noticias\/wp-content\/uploads\/2023\/01\/image00014-scaled-e1673509526637.jpeg\",\"width\":1000,\"height\":1333},{\"@type\":\"BreadcrumbList\",\"@id\":\"https:\/\/www.yvettepons.com\/noticias\/la-excelencia-tus-manos-poder-la-juventud-facial-yv-lyfth-by-yvette-pons\/#breadcrumb\",\"itemListElement\":[{\"@type\":\"ListItem\",\"position\":1,\"name\":\"Portada\",\"item\":\"https:\/\/www.yvettepons.com\/noticias\/\"},{\"@type\":\"ListItem\",\"position\":2,\"name\":\"La excelencia en tus manos, el poder de la juventud, FACIAL YV-LYFTH\u00ae by Yvette Pons\"}]},{\"@type\":\"WebSite\",\"@id\":\"https:\/\/www.yvettepons.com\/noticias\/#website\",\"url\":\"https:\/\/www.yvettepons.com\/noticias\/\",\"name\":\"\",\"description\":\"\",\"potentialAction\":[{\"@type\":\"SearchAction\",\"target\":{\"@type\":\"EntryPoint\",\"urlTemplate\":\"https:\/\/www.yvettepons.com\/noticias\/?s={search_term_string}\"},\"query-input\":\"required name=search_term_string\"}],\"inLanguage\":\"es\"},{\"@type\":\"Person\",\"@id\":\"https:\/\/www.yvettepons.com\/noticias\/#\/schema\/person\/5b9d0cfa89aee629bece162bfdf8b8bf\",\"name\":\"yvette\",\"image\":{\"@type\":\"ImageObject\",\"inLanguage\":\"es\",\"@id\":\"https:\/\/www.yvettepons.com\/noticias\/#\/schema\/person\/image\/\",\"url\":\"https:\/\/secure.gravatar.com\/avatar\/b31da7f75aa0d53c1cd9f27269d3fd5a583671f8ae3cec5fc14a021caad18787?s=96&d=mm&r=g\",\"contentUrl\":\"https:\/\/secure.gravatar.com\/avatar\/b31da7f75aa0d53c1cd9f27269d3fd5a583671f8ae3cec5fc14a021caad18787?s=96&d=mm&r=g\",\"caption\":\"yvette\"},\"url\":\"https:\/\/www.yvettepons.com\/noticias\/author\/yvette\/\"}]}<\/script>\n<!-- \/ Yoast SEO plugin. -->","yoast_head_json":{"title":"La excelencia en tus manos, el poder de la juventud, FACIAL YV-LYFTH\u00ae by Yvette Pons -","robots":{"index":"index","follow":"follow","max-snippet":"max-snippet:-1","max-image-preview":"max-image-preview:large","max-video-preview":"max-video-preview:-1"},"canonical":"https:\/\/www.yvettepons.com\/noticias\/la-excelencia-tus-manos-poder-la-juventud-facial-yv-lyfth-by-yvette-pons\/","og_locale":"es_ES","og_type":"article","og_title":"La excelencia en tus manos, el poder de la juventud, FACIAL YV-LYFTH\u00ae by Yvette Pons -","og_description":"El secreto es YV-LYFTH\u00ae, la nueva terapia de Yvette Pons disen\u0303ada para mejorar el aspecto de tu piel, el envejecimiento y su eje corporal con solo el poder de las manos. YV-LYFTH\u00ae es un m\u00e9todo totalmente natural, innovador, \u00fanico y muy efectivo que recorre columna, diafragma, esc\u00e1pulas, hombros, cervicales, escote, nuca, cuello, rostro, cr\u00e1neo y [&hellip;]","og_url":"https:\/\/www.yvettepons.com\/noticias\/la-excelencia-tus-manos-poder-la-juventud-facial-yv-lyfth-by-yvette-pons\/","article_published_time":"2023-01-12T07:45:52+00:00","article_modified_time":"2023-01-12T07:46:50+00:00","og_image":[{"width":1000,"height":1333,"url":"https:\/\/www.yvettepons.com\/noticias\/wp-content\/uploads\/2023\/01\/image00014-scaled-e1673509526637.jpeg","type":"image\/jpeg"}],"author":"yvette","twitter_card":"summary_large_image","twitter_misc":{"Escrito por":"yvette","Tiempo de lectura":"2 minutos"},"schema":{"@context":"https:\/\/schema.org","@graph":[{"@type":"WebPage","@id":"https:\/\/www.yvettepons.com\/noticias\/la-excelencia-tus-manos-poder-la-juventud-facial-yv-lyfth-by-yvette-pons\/","url":"https:\/\/www.yvettepons.com\/noticias\/la-excelencia-tus-manos-poder-la-juventud-facial-yv-lyfth-by-yvette-pons\/","name":"La excelencia en tus manos, el poder de la juventud, FACIAL YV-LYFTH\u00ae by Yvette Pons -","isPartOf":{"@id":"https:\/\/www.yvettepons.com\/noticias\/#website"},"primaryImageOfPage":{"@id":"https:\/\/www.yvettepons.com\/noticias\/la-excelencia-tus-manos-poder-la-juventud-facial-yv-lyfth-by-yvette-pons\/#primaryimage"},"image":{"@id":"https:\/\/www.yvettepons.com\/noticias\/la-excelencia-tus-manos-poder-la-juventud-facial-yv-lyfth-by-yvette-pons\/#primaryimage"},"thumbnailUrl":"https:\/\/www.yvettepons.com\/noticias\/wp-content\/uploads\/2023\/01\/image00014-scaled-e1673509526637.jpeg","datePublished":"2023-01-12T07:45:52+00:00","dateModified":"2023-01-12T07:46:50+00:00","author":{"@id":"https:\/\/www.yvettepons.com\/noticias\/#\/schema\/person\/5b9d0cfa89aee629bece162bfdf8b8bf"},"breadcrumb":{"@id":"https:\/\/www.yvettepons.com\/noticias\/la-excelencia-tus-manos-poder-la-juventud-facial-yv-lyfth-by-yvette-pons\/#breadcrumb"},"inLanguage":"es","potentialAction":[{"@type":"ReadAction","target":["https:\/\/www.yvettepons.com\/noticias\/la-excelencia-tus-manos-poder-la-juventud-facial-yv-lyfth-by-yvette-pons\/"]}]},{"@type":"ImageObject","inLanguage":"es","@id":"https:\/\/www.yvettepons.com\/noticias\/la-excelencia-tus-manos-poder-la-juventud-facial-yv-lyfth-by-yvette-pons\/#primaryimage","url":"https:\/\/www.yvettepons.com\/noticias\/wp-content\/uploads\/2023\/01\/image00014-scaled-e1673509526637.jpeg","contentUrl":"https:\/\/www.yvettepons.com\/noticias\/wp-content\/uploads\/2023\/01\/image00014-scaled-e1673509526637.jpeg","width":1000,"height":1333},{"@type":"BreadcrumbList","@id":"https:\/\/www.yvettepons.com\/noticias\/la-excelencia-tus-manos-poder-la-juventud-facial-yv-lyfth-by-yvette-pons\/#breadcrumb","itemListElement":[{"@type":"ListItem","position":1,"name":"Portada","item":"https:\/\/www.yvettepons.com\/noticias\/"},{"@type":"ListItem","position":2,"name":"La excelencia en tus manos, el poder de la juventud, FACIAL YV-LYFTH\u00ae by Yvette Pons"}]},{"@type":"WebSite","@id":"https:\/\/www.yvettepons.com\/noticias\/#website","url":"https:\/\/www.yvettepons.com\/noticias\/","name":"","description":"","potentialAction":[{"@type":"SearchAction","target":{"@type":"EntryPoint","urlTemplate":"https:\/\/www.yvettepons.com\/noticias\/?s={search_term_string}"},"query-input":"required name=search_term_string"}],"inLanguage":"es"},{"@type":"Person","@id":"https:\/\/www.yvettepons.com\/noticias\/#\/schema\/person\/5b9d0cfa89aee629bece162bfdf8b8bf","name":"yvette","image":{"@type":"ImageObject","inLanguage":"es","@id":"https:\/\/www.yvettepons.com\/noticias\/#\/schema\/person\/image\/","url":"https:\/\/secure.gravatar.com\/avatar\/b31da7f75aa0d53c1cd9f27269d3fd5a583671f8ae3cec5fc14a021caad18787?s=96&d=mm&r=g","contentUrl":"https:\/\/secure.gravatar.com\/avatar\/b31da7f75aa0d53c1cd9f27269d3fd5a583671f8ae3cec5fc14a021caad18787?s=96&d=mm&r=g","caption":"yvette"},"url":"https:\/\/www.yvettepons.com\/noticias\/author\/yvette\/"}]}},"_links":{"self":[{"href":"https:\/\/www.yvettepons.com\/noticias\/wp-json\/wp\/v2\/posts\/5298","targetHints":{"allow":["GET"]}}],"collection":[{"href":"https:\/\/www.yvettepons.com\/noticias\/wp-json\/wp\/v2\/posts"}],"about":[{"href":"https:\/\/www.yvettepons.com\/noticias\/wp-json\/wp\/v2\/types\/post"}],"author":[{"embeddable":true,"href":"https:\/\/www.yvettepons.com\/noticias\/wp-json\/wp\/v2\/users\/1"}],"replies":[{"embeddable":true,"href":"https:\/\/www.yvettepons.com\/noticias\/wp-json\/wp\/v2\/comments?post=5298"}],"version-history":[{"count":2,"href":"https:\/\/www.yvettepons.com\/noticias\/wp-json\/wp\/v2\/posts\/5298\/revisions"}],"predecessor-version":[{"id":5301,"href":"https:\/\/www.yvettepons.com\/noticias\/wp-json\/wp\/v2\/posts\/5298\/revisions\/5301"}],"wp:featuredmedia":[{"embeddable":true,"href":"https:\/\/www.yvettepons.com\/noticias\/wp-json\/wp\/v2\/media\/5300"}],"wp:attachment":[{"href":"https:\/\/www.yvettepons.com\/noticias\/wp-json\/wp\/v2\/media?parent=5298"}],"wp:term":[{"taxonomy":"category","embeddable":true,"href":"https:\/\/www.yvettepons.com\/noticias\/wp-json\/wp\/v2\/categories?post=5298"},{"taxonomy":"post_tag","embeddable":true,"href":"https:\/\/www.yvettepons.com\/noticias\/wp-json\/wp\/v2\/tags?post=5298"}],"curies":[{"name":"wp","href":"https:\/\/api.w.org\/{rel}","templated":true}]}}