{"id":5091,"date":"2020-01-24T08:24:48","date_gmt":"2020-01-24T08:24:48","guid":{"rendered":"http:\/\/www.yvettepons.com\/noticias\/?p=5091"},"modified":"2020-01-24T08:28:03","modified_gmt":"2020-01-24T08:28:03","slug":"invierno-la-mejor-epoca-tratar-manchas-varices","status":"publish","type":"post","link":"https:\/\/www.yvettepons.com\/noticias\/invierno-la-mejor-epoca-tratar-manchas-varices\/","title":{"rendered":"INVIERNO, LA MEJOR \u00c9POCA PARA TRATAR MANCHAS Y VARICES"},"content":{"rendered":"<p class=\"p1\"><img loading=\"lazy\" decoding=\"async\" class=\"aligncenter size-full wp-image-5092\" src=\"http:\/\/www.yvettepons.com\/noticias\/wp-content\/uploads\/2020\/01\/winter-e1579854077248.jpg\" alt=\"\" width=\"800\" height=\"566\" \/><\/p>\n<p class=\"p1\"><span class=\"s1\">El invierno y por lo general los meses de fr\u00edo son los grandes aliados de los tratamientos est\u00e9ticos. Es ideal aprovechar esta \u00e9poca del a\u00f1o para tratar algunas de las imperfecciones que pueden aparecer en nuestro cuerpo como las manchas, las varices y las ara\u00f1as vasculares. <\/span><\/p>\n<p class=\"p1\"><span class=\"s1\"><b>\u00bfEl porqu\u00e9? <\/b>Menos horas de exposici\u00f3n al sol, menos calor, menos sudor, m\u00e1s ropa con la que taparnos y protegernos y m\u00e1s tiempo para recuperarnos con tranquilidad de los efectos de estos tratamientos. \u00a1Todas las condiciones se ponen de tu lado!<\/span><\/p>\n<p class=\"p1\"><span class=\"s1\">A continuaci\u00f3n, os detallamos los tratamientos que ofrecemos en el <b><a href=\"http:\/\/www.yvettepons.com\/\">Institut Yvette Pons<\/a>\u00a0<\/b>para ayudar a tu piel a combatir estas problem\u00e1ticas de la forma m\u00e1s efectiva.<\/span><\/p>\n<h4 class=\"p1\"><span class=\"s2\"><b>Eliminar las varices y las ara\u00f1as vasculares<\/b><\/span><\/h4>\n<p class=\"p1\"><span class=\"s1\"><b>ESCLEROTERAPIA CON MICROESPUMA<\/b><\/span><\/p>\n<p class=\"p1\"><span class=\"s1\">Este tratamiento m\u00e9dico es la <strong>soluci\u00f3n ideal para eliminar todo tipo de ara\u00f1as vasculares, capilares y varices de forma r\u00e1pida y efectiva<\/strong> sin pr\u00e1cticamente molestias y pudiendo llevar una vida normal de forma inmediata. <\/span><\/p>\n<p class=\"p1\"><span class=\"s1\">Se realiza mediante esclerosis, una t\u00e9cnica de infiltraci\u00f3n que consiste en inyectar a telangictasias una peque\u00f1a concentraci\u00f3n de microespuma esclerosante para conseguir cerrar gradualmente las venas y que sean reabsorbidas por nuestro cuerpo de forma natural. Puede emplearse con prop\u00f3sito est\u00e9tico o como m\u00e9todo para completar y perfeccionar el tratamiento endovascular o quir\u00fargico de diversos problemas venosos y acelerar la cicatrizaci\u00f3n de las \u00falceras venosas. <\/span><\/p>\n<p class=\"p1\"><span class=\"s1\">Se recomienda una sesi\u00f3n semanal. La mayor\u00eda de personas requieren varias sesiones para eliminar todas las telangictasias y los resultados finales se aprecian generalmente a las 12 semanas. <\/span><\/p>\n<h4 class=\"p1\"><span class=\"s2\"><b>Decir adi\u00f3s a las manchas<\/b><\/span><\/h4>\n<p class=\"p3\"><span class=\"s1\"><b>PEELING TCA (\u00e1cido tricloroac\u00e9tico)<\/b><\/span><\/p>\n<p class=\"p4\"><span class=\"s1\">Este tratamiento es un peeling de profundidad media con el que se consigue trabajar en capas m\u00e1s profundas de la piel, de la dermis papilar a la dermis reticular superior. <strong>Esto permite eliminar las c\u00e9lulas muertas, las manchas superficiales y otras decoloraciones de piel, suavizar las l\u00edneas finas y minimizar los signos de la edad.<\/strong> Es un tratamiento altamente eficaz y presenta una excelente tolerancia en la mayor\u00eda de los tipos de piel. <\/span><\/p>\n<p class=\"p4\"><span class=\"s1\">Se recomiendan entre 2 y 5 peelings, uno cada 1 o 2 semanas. No requiere ninguna alteraci\u00f3n de la actividad diaria.<\/span><\/p>\n<p class=\"p3\"><span class=\"s1\"><b>LUZ PULSADA (IPL)<\/b><\/span><\/p>\n<p class=\"p4\"><span class=\"s1\">El IPL es una t\u00e9cnica de foto-rejuvenecimiento que utiliza una fuente de luz pulsada con una energ\u00eda baja durante m\u00faltiples sesiones del tratamiento <strong>para centrarse en eliminar la hiperpigmentaci\u00f3n, las manchas por envejecimiento, las manchas solares y\u00a0las lesiones vasculares.<\/strong> Adem\u00e1s de mejorar las arrugas superficiales, el tama\u00f1o de los poros y la suavidad de la piel. <\/span><\/p>\n<p class=\"p4\"><span class=\"s1\">Se realiza una sesi\u00f3n cada tres o cuatro semanas durante cuatro meses. <\/span><\/p>\n<h4 class=\"p3\"><span class=\"s1\"><b>Tratar las manchas en casa<\/b><\/span><\/h4>\n<p class=\"p7\"><span class=\"s1\"><b>F\u00d3RMULA T\u00d3PICA DESPIGMENTANTE<\/b><\/span><\/p>\n<p class=\"p4\"><span class=\"s1\">Si detectas la aparici\u00f3n de peque\u00f1as manchas en tu piel, puedes optar por aplicarte en casa esta f\u00f3rmula creada a base de concentraciones elevadas de principios activos despigmentantes. Es de uso domiciliario diario, t\u00f3pico y presenta unos excelentes resultados.<\/span><\/p>\n<p class=\"p4\"><span class=\"s1\">Por \u00faltimo, recuerda que <strong>cada piel es diferente y tiene unas necesidades u otras en funci\u00f3n de sus caracter\u00edsticas.<\/strong> Lo mejor es poneros siempre en manos de un profesional que valore cu\u00e1l es el tratamiento m\u00e1s adecuado en cada caso. <\/span><\/p>\n<p class=\"p4\"><span class=\"s1\">\u00a1Os esperamos en el pr\u00f3ximo post!<\/span><\/p>\n","protected":false},"excerpt":{"rendered":"<p>El invierno y por lo general los meses de fr\u00edo son los grandes aliados de los tratamientos est\u00e9ticos. Es ideal aprovechar esta \u00e9poca del a\u00f1o para tratar algunas de las imperfecciones que pueden aparecer en nuestro cuerpo como las manchas, las varices y las ara\u00f1as vasculares. \u00bfEl porqu\u00e9? Menos horas de exposici\u00f3n al sol, menos [&hellip;]<\/p>\n","protected":false},"author":1,"featured_media":5092,"comment_status":"open","ping_status":"open","sticky":false,"template":"","format":"standard","meta":{"footnotes":""},"categories":[29,51],"tags":[],"class_list":["post-5091","post","type-post","status-publish","format-standard","has-post-thumbnail","hentry","category-salud","category-tractaments"],"yoast_head":"<!-- This site is optimized with the Yoast SEO plugin v23.3 - https:\/\/yoast.com\/wordpress\/plugins\/seo\/ -->\n<title>INVIERNO, LA MEJOR \u00c9POCA PARA TRATAR MANCHAS Y VARICES -<\/title>\n<meta name=\"robots\" content=\"index, follow, max-snippet:-1, max-image-preview:large, max-video-preview:-1\" \/>\n<link rel=\"canonical\" href=\"https:\/\/www.yvettepons.com\/noticias\/invierno-la-mejor-epoca-tratar-manchas-varices\/\" \/>\n<meta property=\"og:locale\" content=\"es_ES\" \/>\n<meta property=\"og:type\" content=\"article\" \/>\n<meta property=\"og:title\" content=\"INVIERNO, LA MEJOR \u00c9POCA PARA TRATAR MANCHAS Y VARICES -\" \/>\n<meta property=\"og:description\" content=\"El invierno y por lo general los meses de fr\u00edo son los grandes aliados de los tratamientos est\u00e9ticos. Es ideal aprovechar esta \u00e9poca del a\u00f1o para tratar algunas de las imperfecciones que pueden aparecer en nuestro cuerpo como las manchas, las varices y las ara\u00f1as vasculares. \u00bfEl porqu\u00e9? Menos horas de exposici\u00f3n al sol, menos [&hellip;]\" \/>\n<meta property=\"og:url\" content=\"https:\/\/www.yvettepons.com\/noticias\/invierno-la-mejor-epoca-tratar-manchas-varices\/\" \/>\n<meta property=\"article:published_time\" content=\"2020-01-24T08:24:48+00:00\" \/>\n<meta property=\"article:modified_time\" content=\"2020-01-24T08:28:03+00:00\" \/>\n<meta property=\"og:image\" content=\"https:\/\/www.yvettepons.com\/noticias\/wp-content\/uploads\/2020\/01\/winter-e1579854077248.jpg\" \/>\n\t<meta property=\"og:image:width\" content=\"800\" \/>\n\t<meta property=\"og:image:height\" content=\"566\" \/>\n\t<meta property=\"og:image:type\" content=\"image\/jpeg\" \/>\n<meta name=\"author\" content=\"yvette\" \/>\n<meta name=\"twitter:card\" content=\"summary_large_image\" \/>\n<meta name=\"twitter:label1\" content=\"Escrito por\" \/>\n\t<meta name=\"twitter:data1\" content=\"yvette\" \/>\n\t<meta name=\"twitter:label2\" content=\"Tiempo de lectura\" \/>\n\t<meta name=\"twitter:data2\" content=\"3 minutos\" \/>\n<script type=\"application\/ld+json\" class=\"yoast-schema-graph\">{\"@context\":\"https:\/\/schema.org\",\"@graph\":[{\"@type\":\"WebPage\",\"@id\":\"https:\/\/www.yvettepons.com\/noticias\/invierno-la-mejor-epoca-tratar-manchas-varices\/\",\"url\":\"https:\/\/www.yvettepons.com\/noticias\/invierno-la-mejor-epoca-tratar-manchas-varices\/\",\"name\":\"INVIERNO, LA MEJOR \u00c9POCA PARA TRATAR MANCHAS Y VARICES -\",\"isPartOf\":{\"@id\":\"https:\/\/www.yvettepons.com\/noticias\/#website\"},\"primaryImageOfPage\":{\"@id\":\"https:\/\/www.yvettepons.com\/noticias\/invierno-la-mejor-epoca-tratar-manchas-varices\/#primaryimage\"},\"image\":{\"@id\":\"https:\/\/www.yvettepons.com\/noticias\/invierno-la-mejor-epoca-tratar-manchas-varices\/#primaryimage\"},\"thumbnailUrl\":\"https:\/\/www.yvettepons.com\/noticias\/wp-content\/uploads\/2020\/01\/winter-e1579854077248.jpg\",\"datePublished\":\"2020-01-24T08:24:48+00:00\",\"dateModified\":\"2020-01-24T08:28:03+00:00\",\"author\":{\"@id\":\"https:\/\/www.yvettepons.com\/noticias\/#\/schema\/person\/5b9d0cfa89aee629bece162bfdf8b8bf\"},\"breadcrumb\":{\"@id\":\"https:\/\/www.yvettepons.com\/noticias\/invierno-la-mejor-epoca-tratar-manchas-varices\/#breadcrumb\"},\"inLanguage\":\"es\",\"potentialAction\":[{\"@type\":\"ReadAction\",\"target\":[\"https:\/\/www.yvettepons.com\/noticias\/invierno-la-mejor-epoca-tratar-manchas-varices\/\"]}]},{\"@type\":\"ImageObject\",\"inLanguage\":\"es\",\"@id\":\"https:\/\/www.yvettepons.com\/noticias\/invierno-la-mejor-epoca-tratar-manchas-varices\/#primaryimage\",\"url\":\"https:\/\/www.yvettepons.com\/noticias\/wp-content\/uploads\/2020\/01\/winter-e1579854077248.jpg\",\"contentUrl\":\"https:\/\/www.yvettepons.com\/noticias\/wp-content\/uploads\/2020\/01\/winter-e1579854077248.jpg\",\"width\":800,\"height\":566},{\"@type\":\"BreadcrumbList\",\"@id\":\"https:\/\/www.yvettepons.com\/noticias\/invierno-la-mejor-epoca-tratar-manchas-varices\/#breadcrumb\",\"itemListElement\":[{\"@type\":\"ListItem\",\"position\":1,\"name\":\"Portada\",\"item\":\"https:\/\/www.yvettepons.com\/noticias\/\"},{\"@type\":\"ListItem\",\"position\":2,\"name\":\"INVIERNO, LA MEJOR \u00c9POCA PARA TRATAR MANCHAS Y VARICES\"}]},{\"@type\":\"WebSite\",\"@id\":\"https:\/\/www.yvettepons.com\/noticias\/#website\",\"url\":\"https:\/\/www.yvettepons.com\/noticias\/\",\"name\":\"\",\"description\":\"\",\"potentialAction\":[{\"@type\":\"SearchAction\",\"target\":{\"@type\":\"EntryPoint\",\"urlTemplate\":\"https:\/\/www.yvettepons.com\/noticias\/?s={search_term_string}\"},\"query-input\":\"required name=search_term_string\"}],\"inLanguage\":\"es\"},{\"@type\":\"Person\",\"@id\":\"https:\/\/www.yvettepons.com\/noticias\/#\/schema\/person\/5b9d0cfa89aee629bece162bfdf8b8bf\",\"name\":\"yvette\",\"image\":{\"@type\":\"ImageObject\",\"inLanguage\":\"es\",\"@id\":\"https:\/\/www.yvettepons.com\/noticias\/#\/schema\/person\/image\/\",\"url\":\"https:\/\/secure.gravatar.com\/avatar\/b31da7f75aa0d53c1cd9f27269d3fd5a583671f8ae3cec5fc14a021caad18787?s=96&d=mm&r=g\",\"contentUrl\":\"https:\/\/secure.gravatar.com\/avatar\/b31da7f75aa0d53c1cd9f27269d3fd5a583671f8ae3cec5fc14a021caad18787?s=96&d=mm&r=g\",\"caption\":\"yvette\"},\"url\":\"https:\/\/www.yvettepons.com\/noticias\/author\/yvette\/\"}]}<\/script>\n<!-- \/ Yoast SEO plugin. -->","yoast_head_json":{"title":"INVIERNO, LA MEJOR \u00c9POCA PARA TRATAR MANCHAS Y VARICES -","robots":{"index":"index","follow":"follow","max-snippet":"max-snippet:-1","max-image-preview":"max-image-preview:large","max-video-preview":"max-video-preview:-1"},"canonical":"https:\/\/www.yvettepons.com\/noticias\/invierno-la-mejor-epoca-tratar-manchas-varices\/","og_locale":"es_ES","og_type":"article","og_title":"INVIERNO, LA MEJOR \u00c9POCA PARA TRATAR MANCHAS Y VARICES -","og_description":"El invierno y por lo general los meses de fr\u00edo son los grandes aliados de los tratamientos est\u00e9ticos. Es ideal aprovechar esta \u00e9poca del a\u00f1o para tratar algunas de las imperfecciones que pueden aparecer en nuestro cuerpo como las manchas, las varices y las ara\u00f1as vasculares. \u00bfEl porqu\u00e9? Menos horas de exposici\u00f3n al sol, menos [&hellip;]","og_url":"https:\/\/www.yvettepons.com\/noticias\/invierno-la-mejor-epoca-tratar-manchas-varices\/","article_published_time":"2020-01-24T08:24:48+00:00","article_modified_time":"2020-01-24T08:28:03+00:00","og_image":[{"width":800,"height":566,"url":"https:\/\/www.yvettepons.com\/noticias\/wp-content\/uploads\/2020\/01\/winter-e1579854077248.jpg","type":"image\/jpeg"}],"author":"yvette","twitter_card":"summary_large_image","twitter_misc":{"Escrito por":"yvette","Tiempo de lectura":"3 minutos"},"schema":{"@context":"https:\/\/schema.org","@graph":[{"@type":"WebPage","@id":"https:\/\/www.yvettepons.com\/noticias\/invierno-la-mejor-epoca-tratar-manchas-varices\/","url":"https:\/\/www.yvettepons.com\/noticias\/invierno-la-mejor-epoca-tratar-manchas-varices\/","name":"INVIERNO, LA MEJOR \u00c9POCA PARA TRATAR MANCHAS Y VARICES -","isPartOf":{"@id":"https:\/\/www.yvettepons.com\/noticias\/#website"},"primaryImageOfPage":{"@id":"https:\/\/www.yvettepons.com\/noticias\/invierno-la-mejor-epoca-tratar-manchas-varices\/#primaryimage"},"image":{"@id":"https:\/\/www.yvettepons.com\/noticias\/invierno-la-mejor-epoca-tratar-manchas-varices\/#primaryimage"},"thumbnailUrl":"https:\/\/www.yvettepons.com\/noticias\/wp-content\/uploads\/2020\/01\/winter-e1579854077248.jpg","datePublished":"2020-01-24T08:24:48+00:00","dateModified":"2020-01-24T08:28:03+00:00","author":{"@id":"https:\/\/www.yvettepons.com\/noticias\/#\/schema\/person\/5b9d0cfa89aee629bece162bfdf8b8bf"},"breadcrumb":{"@id":"https:\/\/www.yvettepons.com\/noticias\/invierno-la-mejor-epoca-tratar-manchas-varices\/#breadcrumb"},"inLanguage":"es","potentialAction":[{"@type":"ReadAction","target":["https:\/\/www.yvettepons.com\/noticias\/invierno-la-mejor-epoca-tratar-manchas-varices\/"]}]},{"@type":"ImageObject","inLanguage":"es","@id":"https:\/\/www.yvettepons.com\/noticias\/invierno-la-mejor-epoca-tratar-manchas-varices\/#primaryimage","url":"https:\/\/www.yvettepons.com\/noticias\/wp-content\/uploads\/2020\/01\/winter-e1579854077248.jpg","contentUrl":"https:\/\/www.yvettepons.com\/noticias\/wp-content\/uploads\/2020\/01\/winter-e1579854077248.jpg","width":800,"height":566},{"@type":"BreadcrumbList","@id":"https:\/\/www.yvettepons.com\/noticias\/invierno-la-mejor-epoca-tratar-manchas-varices\/#breadcrumb","itemListElement":[{"@type":"ListItem","position":1,"name":"Portada","item":"https:\/\/www.yvettepons.com\/noticias\/"},{"@type":"ListItem","position":2,"name":"INVIERNO, LA MEJOR \u00c9POCA PARA TRATAR MANCHAS Y VARICES"}]},{"@type":"WebSite","@id":"https:\/\/www.yvettepons.com\/noticias\/#website","url":"https:\/\/www.yvettepons.com\/noticias\/","name":"","description":"","potentialAction":[{"@type":"SearchAction","target":{"@type":"EntryPoint","urlTemplate":"https:\/\/www.yvettepons.com\/noticias\/?s={search_term_string}"},"query-input":"required name=search_term_string"}],"inLanguage":"es"},{"@type":"Person","@id":"https:\/\/www.yvettepons.com\/noticias\/#\/schema\/person\/5b9d0cfa89aee629bece162bfdf8b8bf","name":"yvette","image":{"@type":"ImageObject","inLanguage":"es","@id":"https:\/\/www.yvettepons.com\/noticias\/#\/schema\/person\/image\/","url":"https:\/\/secure.gravatar.com\/avatar\/b31da7f75aa0d53c1cd9f27269d3fd5a583671f8ae3cec5fc14a021caad18787?s=96&d=mm&r=g","contentUrl":"https:\/\/secure.gravatar.com\/avatar\/b31da7f75aa0d53c1cd9f27269d3fd5a583671f8ae3cec5fc14a021caad18787?s=96&d=mm&r=g","caption":"yvette"},"url":"https:\/\/www.yvettepons.com\/noticias\/author\/yvette\/"}]}},"_links":{"self":[{"href":"https:\/\/www.yvettepons.com\/noticias\/wp-json\/wp\/v2\/posts\/5091","targetHints":{"allow":["GET"]}}],"collection":[{"href":"https:\/\/www.yvettepons.com\/noticias\/wp-json\/wp\/v2\/posts"}],"about":[{"href":"https:\/\/www.yvettepons.com\/noticias\/wp-json\/wp\/v2\/types\/post"}],"author":[{"embeddable":true,"href":"https:\/\/www.yvettepons.com\/noticias\/wp-json\/wp\/v2\/users\/1"}],"replies":[{"embeddable":true,"href":"https:\/\/www.yvettepons.com\/noticias\/wp-json\/wp\/v2\/comments?post=5091"}],"version-history":[{"count":5,"href":"https:\/\/www.yvettepons.com\/noticias\/wp-json\/wp\/v2\/posts\/5091\/revisions"}],"predecessor-version":[{"id":5097,"href":"https:\/\/www.yvettepons.com\/noticias\/wp-json\/wp\/v2\/posts\/5091\/revisions\/5097"}],"wp:featuredmedia":[{"embeddable":true,"href":"https:\/\/www.yvettepons.com\/noticias\/wp-json\/wp\/v2\/media\/5092"}],"wp:attachment":[{"href":"https:\/\/www.yvettepons.com\/noticias\/wp-json\/wp\/v2\/media?parent=5091"}],"wp:term":[{"taxonomy":"category","embeddable":true,"href":"https:\/\/www.yvettepons.com\/noticias\/wp-json\/wp\/v2\/categories?post=5091"},{"taxonomy":"post_tag","embeddable":true,"href":"https:\/\/www.yvettepons.com\/noticias\/wp-json\/wp\/v2\/tags?post=5091"}],"curies":[{"name":"wp","href":"https:\/\/api.w.org\/{rel}","templated":true}]}}