{"id":4640,"date":"2019-10-18T10:01:08","date_gmt":"2019-10-18T10:01:08","guid":{"rendered":"http:\/\/www.yvettepons.com\/noticias\/?p=4640"},"modified":"2019-10-18T10:27:21","modified_gmt":"2019-10-18T10:27:21","slug":"articulo-rejuvenecer-el-renacimiento-de-la-piel","status":"publish","type":"post","link":"https:\/\/www.yvettepons.com\/noticias\/articulo-rejuvenecer-el-renacimiento-de-la-piel\/","title":{"rendered":"ART\u00cdCULO: REJUVENECER, EL RENACIMIENTO DE LA PIEL.  Yvette Pons"},"content":{"rendered":"<div  class='avia-image-container avia_animated_image avia_animate_when_almost_visible fade-in av-styling-    avia-builder-el-0  el_before_av_heading  avia-builder-el-first  avia-align-center '  itemprop=\"image\" itemscope=\"itemscope\" itemtype=\"https:\/\/schema.org\/ImageObject\"  ><div class='avia-image-container-inner'><div class='avia-image-overlay-wrap'><img decoding=\"async\" class='wp-image-4642 avia-img-lazy-loading-not-4642 avia_image' src=\"https:\/\/www.yvettepons.com\/noticias\/wp-content\/uploads\/2019\/10\/Captura-de-Pantalla-2019-10-18-a-les-11.36.35.png\" alt='' title='revista-vida-est\u00e9tica' height=\"886\" width=\"637\"  itemprop=\"thumbnailUrl\" srcset=\"https:\/\/www.yvettepons.com\/noticias\/wp-content\/uploads\/2019\/10\/Captura-de-Pantalla-2019-10-18-a-les-11.36.35.png 637w, https:\/\/www.yvettepons.com\/noticias\/wp-content\/uploads\/2019\/10\/Captura-de-Pantalla-2019-10-18-a-les-11.36.35-216x300.png 216w, https:\/\/www.yvettepons.com\/noticias\/wp-content\/uploads\/2019\/10\/Captura-de-Pantalla-2019-10-18-a-les-11.36.35-507x705.png 507w, https:\/\/www.yvettepons.com\/noticias\/wp-content\/uploads\/2019\/10\/Captura-de-Pantalla-2019-10-18-a-les-11.36.35-450x626.png 450w\" sizes=\"(max-width: 637px) 100vw, 637px\" \/><\/div><\/div><\/div>\n<div  style='padding-bottom:10px; font-size:23px;' class='av-special-heading av-special-heading-h3  blockquote modern-quote modern-centered  avia-builder-el-1  el_after_av_image  el_before_av_hr  av-inherit-size '><h3 class='av-special-heading-tag '  itemprop=\"headline\"  >ART\u00cdCULO: REJUVENECER, EL RENACIMIENTO DE LA PIEL Yvette Pons<\/h3><div class='special-heading-border'><div class='special-heading-inner-border' ><\/div><\/div><\/div>\n<div   class='hr hr-default   avia-builder-el-2  el_after_av_heading  el_before_av_textblock '><span class='hr-inner ' ><span class='hr-inner-style'><\/span><\/span><\/div>\n<section class=\"av_textblock_section \"  itemscope=\"itemscope\" itemtype=\"https:\/\/schema.org\/BlogPosting\" itemprop=\"blogPost\" ><div class='avia_textblock  '   itemprop=\"text\" ><div class=\"page\" title=\"Page 1\">\u00a0<\/div>\n<p style=\"text-align: justify;\"><span style=\"color: #000000; font-family: helvetica, arial, sans-serif;\">Este mes de octubre, Yvette Pons ha colaborado con la Revista Vida Est\u00e9tica redactando un art\u00edculo con el t\u00edtulo:<\/span><\/p>\n<p style=\"text-align: justify;\"><span style=\"color: #000000; font-family: helvetica, arial, sans-serif;\">Rejuvenecer, el renacimiento de la piel<\/span><\/p>\n<p><span style=\"font-family: helvetica, arial, sans-serif; color: #000000;\">El mundo de la est\u00e9tica cada vez avanza m\u00e1s r\u00e1pido para aportar soluciones a la hora de cuidarnos y ayudar a prevenir un desgaste prematuro de la piel, as\u00ed como para mantener las c\u00e9lulas en buen estado, para producir los nutrientes que \u00e9sta necesita a la hora de retrasar los signos de la edad.<\/span><\/p>\n<p style=\"text-align: justify;\"><span style=\"color: #000000; font-family: helvetica, arial, sans-serif;\">Si quieres saber m\u00e1s, tan s\u00f3lo debes acceder al art\u00edculo completo a trav\u00e9s del\u00a0siguiente enlace:<\/span><\/p>\n<p><span style=\"font-family: helvetica, arial, sans-serif; color: #000000;\"><a style=\"color: #000000;\" href=\"http:\/\/www.yvettepons.com\/noticias\/wp-content\/uploads\/2019\/10\/I-Pons-VE-oct-19.pdf\" target=\"_blank\" rel=\"noopener noreferrer\"><strong>Revista Vida Est\u00e9tica, Art\u00edculo: Rejuvenecer, el renacimiento de la piel. Octubre\u00a02019<\/strong><\/a><\/span><\/p>\n<\/div><\/section>\n<div  style='height:50px' class='hr hr-invisible   avia-builder-el-4  el_after_av_textblock  el_before_av_textblock '><span class='hr-inner ' ><span class='hr-inner-style'><\/span><\/span><\/div>\n<section class=\"av_textblock_section \"  itemscope=\"itemscope\" itemtype=\"https:\/\/schema.org\/BlogPosting\" itemprop=\"blogPost\" ><div class='avia_textblock  '   itemprop=\"text\" ><p style=\"text-align: justify;\" align=\"justify\"><span style=\"font-family: helvetica, arial, sans-serif; color: #333333;\">Si quieres conocer los\u00a0tratamientos est\u00e9ticos y los diagn\u00f3sticos personalizados que realizamos en el Instituto de Est\u00e9tica Yvette Pons,\u00a0<a style=\"color: #333333;\" href=\"http:\/\/www.yvettepons.com\/contacte\/\" target=\"_blank\" rel=\"noopener noreferrer\">contacta<\/a>\u00a0y estaremos encantadas de atenderte.<\/span><\/p>\n<\/div><\/section>\n<div   class='hr hr-default   avia-builder-el-6  el_after_av_textblock  el_before_av_textblock '><span class='hr-inner ' ><span class='hr-inner-style'><\/span><\/span><\/div>\n<section class=\"av_textblock_section \"  itemscope=\"itemscope\" itemtype=\"https:\/\/schema.org\/BlogPosting\" itemprop=\"blogPost\" ><div class='avia_textblock  '   itemprop=\"text\" ><p> <img loading=\"lazy\" decoding=\"async\" class=\"wp-image-3708 aligncenter\" src=\"http:\/\/www.yvettepons.com\/noticias\/wp-content\/uploads\/2018\/11\/logo-ivet.png\" alt=\"\" width=\"222\" height=\"86\" srcset=\"https:\/\/www.yvettepons.com\/noticias\/wp-content\/uploads\/2018\/11\/logo-ivet.png 400w, https:\/\/www.yvettepons.com\/noticias\/wp-content\/uploads\/2018\/11\/logo-ivet-300x116.png 300w\" sizes=\"auto, (max-width: 222px) 100vw, 222px\" \/><\/p>\n<p><strong>Tel. 93 804 62 02<\/strong><\/p>\n<p><span style=\"color: #000000;\"><a style=\"color: #000000;\" href=\"mailto:info@yvettepons.com\"> info@yvettepons.com<br \/>\n <\/a>Sant Mart\u00ed de Tous, 37<\/span><br \/>\n <span style=\"color: #000000;\"> 08700 Igualada, Barcelona<\/span><\/p>\n<\/div><\/section>\n<div   data-autoplay=''  data-interval='5'  data-animation='fade'  data-show_slide_delay='90'  class='avia-content-slider avia-content-slider-active avia-content-slider1 avia-content-slider-odd  avia-builder-el-8  el_after_av_textblock  avia-builder-el-last  '  itemscope=\"itemscope\" itemtype=\"https:\/\/schema.org\/Blog\" ><div class='avia-content-slider-inner'><div class='slide-entry-wrap'><article class='slide-entry flex_column  post-entry post-entry-5455 slide-entry-overview slide-loop-1 slide-parity-odd  av_one_third first real-thumbnail post-format-standard'  itemscope=\"itemscope\" itemtype=\"https:\/\/schema.org\/BlogPosting\" itemprop=\"blogPost\" ><a href='https:\/\/www.yvettepons.com\/noticias\/belleza-y-ciencia-como-los-ingredientes-naturales-transforman-tu-piel\/' data-rel='slide-1' class='slide-image' title='Belleza y Ciencia: C\u00f3mo los Ingredientes Naturales Transforman tu Piel'><img decoding=\"async\" width=\"495\" height=\"400\" src=\"https:\/\/www.yvettepons.com\/noticias\/wp-content\/uploads\/2025\/05\/Belleza-y-Ciencia-Como-los-Ingredientes-Naturales-Transforman-tu-Piel-Yvette-Pons-495x400.jpg\" class=\"wp-image-5456 avia-img-lazy-loading-not-5456 attachment-portfolio size-portfolio wp-post-image\" alt=\"\" srcset=\"https:\/\/www.yvettepons.com\/noticias\/wp-content\/uploads\/2025\/05\/Belleza-y-Ciencia-Como-los-Ingredientes-Naturales-Transforman-tu-Piel-Yvette-Pons-495x400.jpg 495w, https:\/\/www.yvettepons.com\/noticias\/wp-content\/uploads\/2025\/05\/Belleza-y-Ciencia-Como-los-Ingredientes-Naturales-Transforman-tu-Piel-Yvette-Pons-845x684.jpg 845w\" sizes=\"(max-width: 495px) 100vw, 495px\" \/><\/a><div class='slide-content'><header class=\"entry-content-header\"><span class=\"blog-categories minor-meta\"><a href=\"https:\/\/www.yvettepons.com\/noticias\/category\/consejos\/\" rel=\"tag\">Consejos<\/a>, <a href=\"https:\/\/www.yvettepons.com\/noticias\/category\/news\/\" rel=\"tag\">Noticias<\/a>, <a href=\"https:\/\/www.yvettepons.com\/noticias\/category\/personal\/\" rel=\"tag\">Personal<\/a> <\/span><h3 class='slide-entry-title entry-title '  itemprop=\"headline\" ><a href='https:\/\/www.yvettepons.com\/noticias\/belleza-y-ciencia-como-los-ingredientes-naturales-transforman-tu-piel\/' title='Belleza y Ciencia: C\u00f3mo los Ingredientes Naturales Transforman tu Piel'>Belleza y Ciencia: C\u00f3mo los Ingredientes Naturales Transforman tu Piel<\/a><\/h3><span class=\"av-vertical-delimiter\"><\/span><\/header><\/div><footer class=\"entry-footer\"><\/footer><span class='hidden'>\n\t\t\t\t<span class='av-structured-data'  itemprop=\"image\" itemscope=\"itemscope\" itemtype=\"https:\/\/schema.org\/ImageObject\" >\n\t\t\t\t\t\t<span itemprop='url'>https:\/\/www.yvettepons.com\/noticias\/wp-content\/uploads\/2025\/05\/Belleza-y-Ciencia-Como-los-Ingredientes-Naturales-Transforman-tu-Piel-Yvette-Pons.jpg<\/span>\n\t\t\t\t\t\t<span itemprop='height'>1226<\/span>\n\t\t\t\t\t\t<span itemprop='width'>1228<\/span>\n\t\t\t\t<\/span>\n\t\t\t\t<span class='av-structured-data'  itemprop=\"publisher\" itemtype=\"https:\/\/schema.org\/Organization\" itemscope=\"itemscope\" >\n\t\t\t\t\t\t<span itemprop='name'>yvette<\/span>\n\t\t\t\t\t\t<span itemprop='logo' itemscope itemtype='https:\/\/schema.org\/ImageObject'>\n\t\t\t\t\t\t\t<span itemprop='url'>http:\/\/www.yvettepons.com\/noticias\/wp-content\/uploads\/2022\/09\/XX-1030x567.png<\/span>\n\t\t\t\t\t\t <\/span>\n\t\t\t\t<\/span><span class='av-structured-data'  itemprop=\"author\" itemscope=\"itemscope\" itemtype=\"https:\/\/schema.org\/Person\" ><span itemprop='name'>yvette<\/span><\/span><span class='av-structured-data'  itemprop=\"datePublished\" datetime=\"2019-10-18T10:01:08+02:00\" >2025-05-14 10:19:35<\/span><span class='av-structured-data'  itemprop=\"dateModified\" itemtype=\"https:\/\/schema.org\/dateModified\" >2025-05-14 10:19:35<\/span><span class='av-structured-data'  itemprop=\"mainEntityOfPage\" itemtype=\"https:\/\/schema.org\/mainEntityOfPage\" ><span itemprop='name'>Belleza y Ciencia: C\u00f3mo los Ingredientes Naturales Transforman tu Piel<\/span><\/span><\/span><\/article><article class='slide-entry flex_column  post-entry post-entry-5437 slide-entry-overview slide-loop-2 slide-parity-even  av_one_third  real-thumbnail post-format-standard'  itemscope=\"itemscope\" itemtype=\"https:\/\/schema.org\/BlogPosting\" itemprop=\"blogPost\" ><a href='https:\/\/www.yvettepons.com\/noticias\/el-ano-de-yvette-pons-bienestar-innovacion-y-gratitud\/' data-rel='slide-1' class='slide-image' title='El A\u00f1o de Yvette Pons: Bienestar, Innovaci\u00f3n y Gratitud'><img decoding=\"async\" width=\"495\" height=\"400\" src=\"https:\/\/www.yvettepons.com\/noticias\/wp-content\/uploads\/2024\/12\/yvette-pons-desemnbre-495x400.jpg\" class=\"wp-image-5438 avia-img-lazy-loading-not-5438 attachment-portfolio size-portfolio wp-post-image\" alt=\"\" srcset=\"https:\/\/www.yvettepons.com\/noticias\/wp-content\/uploads\/2024\/12\/yvette-pons-desemnbre-495x400.jpg 495w, https:\/\/www.yvettepons.com\/noticias\/wp-content\/uploads\/2024\/12\/yvette-pons-desemnbre-845x684.jpg 845w\" sizes=\"(max-width: 495px) 100vw, 495px\" \/><\/a><div class='slide-content'><header class=\"entry-content-header\"><span class=\"blog-categories minor-meta\"><a href=\"https:\/\/www.yvettepons.com\/noticias\/category\/actualitat\/\" rel=\"tag\">Actualidad<\/a>, <a href=\"https:\/\/www.yvettepons.com\/noticias\/category\/news\/\" rel=\"tag\">Noticias<\/a>, <a href=\"https:\/\/www.yvettepons.com\/noticias\/category\/personal\/\" rel=\"tag\">Personal<\/a> <\/span><h3 class='slide-entry-title entry-title '  itemprop=\"headline\" ><a href='https:\/\/www.yvettepons.com\/noticias\/el-ano-de-yvette-pons-bienestar-innovacion-y-gratitud\/' title='El A\u00f1o de Yvette Pons: Bienestar, Innovaci\u00f3n y Gratitud'>El A\u00f1o de Yvette Pons: Bienestar, Innovaci\u00f3n y Gratitud<\/a><\/h3><span class=\"av-vertical-delimiter\"><\/span><\/header><\/div><footer class=\"entry-footer\"><\/footer><span class='hidden'>\n\t\t\t\t<span class='av-structured-data'  itemprop=\"image\" itemscope=\"itemscope\" itemtype=\"https:\/\/schema.org\/ImageObject\" >\n\t\t\t\t\t\t<span itemprop='url'>https:\/\/www.yvettepons.com\/noticias\/wp-content\/uploads\/2024\/12\/yvette-pons-desemnbre.jpg<\/span>\n\t\t\t\t\t\t<span itemprop='height'>1580<\/span>\n\t\t\t\t\t\t<span itemprop='width'>1075<\/span>\n\t\t\t\t<\/span>\n\t\t\t\t<span class='av-structured-data'  itemprop=\"publisher\" itemtype=\"https:\/\/schema.org\/Organization\" itemscope=\"itemscope\" >\n\t\t\t\t\t\t<span itemprop='name'>yvette<\/span>\n\t\t\t\t\t\t<span itemprop='logo' itemscope itemtype='https:\/\/schema.org\/ImageObject'>\n\t\t\t\t\t\t\t<span itemprop='url'>http:\/\/www.yvettepons.com\/noticias\/wp-content\/uploads\/2022\/09\/XX-1030x567.png<\/span>\n\t\t\t\t\t\t <\/span>\n\t\t\t\t<\/span><span class='av-structured-data'  itemprop=\"author\" itemscope=\"itemscope\" itemtype=\"https:\/\/schema.org\/Person\" ><span itemprop='name'>yvette<\/span><\/span><span class='av-structured-data'  itemprop=\"datePublished\" datetime=\"2019-10-18T10:01:08+02:00\" >2024-12-17 11:20:20<\/span><span class='av-structured-data'  itemprop=\"dateModified\" itemtype=\"https:\/\/schema.org\/dateModified\" >2024-12-17 11:20:20<\/span><span class='av-structured-data'  itemprop=\"mainEntityOfPage\" itemtype=\"https:\/\/schema.org\/mainEntityOfPage\" ><span itemprop='name'>El A\u00f1o de Yvette Pons: Bienestar, Innovaci\u00f3n y Gratitud<\/span><\/span><\/span><\/article><article class='slide-entry flex_column  post-entry post-entry-5431 slide-entry-overview slide-loop-3 slide-parity-odd  av_one_third  real-thumbnail post-format-standard'  itemscope=\"itemscope\" itemtype=\"https:\/\/schema.org\/BlogPosting\" itemprop=\"blogPost\" ><a href='https:\/\/www.yvettepons.com\/noticias\/inflammassaging-el-metodo-que-revoluciona-el-cuidado-del-cuerpo\/' data-rel='slide-1' class='slide-image' title='INFLAMMASSAGING\u00ae. El M\u00e9todo que Revoluciona el Cuidado del Cuerpo'><img decoding=\"async\" width=\"495\" height=\"400\" src=\"https:\/\/www.yvettepons.com\/noticias\/wp-content\/uploads\/2024\/11\/Entrada_Blog_Novembre-495x400.jpg\" class=\"wp-image-5432 avia-img-lazy-loading-not-5432 attachment-portfolio size-portfolio wp-post-image\" alt=\"\" srcset=\"https:\/\/www.yvettepons.com\/noticias\/wp-content\/uploads\/2024\/11\/Entrada_Blog_Novembre-495x400.jpg 495w, https:\/\/www.yvettepons.com\/noticias\/wp-content\/uploads\/2024\/11\/Entrada_Blog_Novembre-845x684.jpg 845w\" sizes=\"(max-width: 495px) 100vw, 495px\" \/><\/a><div class='slide-content'><header class=\"entry-content-header\"><span class=\"blog-categories minor-meta\"><a href=\"https:\/\/www.yvettepons.com\/noticias\/category\/actualitat\/\" rel=\"tag\">Actualidad<\/a>, <a href=\"https:\/\/www.yvettepons.com\/noticias\/category\/news\/\" rel=\"tag\">Noticias<\/a>, <a href=\"https:\/\/www.yvettepons.com\/noticias\/category\/salud\/\" rel=\"tag\">Salud<\/a> <\/span><h3 class='slide-entry-title entry-title '  itemprop=\"headline\" ><a href='https:\/\/www.yvettepons.com\/noticias\/inflammassaging-el-metodo-que-revoluciona-el-cuidado-del-cuerpo\/' title='INFLAMMASSAGING\u00ae. El M\u00e9todo que Revoluciona el Cuidado del Cuerpo'>INFLAMMASSAGING\u00ae. El M\u00e9todo que Revoluciona el Cuidado del Cuerpo<\/a><\/h3><span class=\"av-vertical-delimiter\"><\/span><\/header><\/div><footer class=\"entry-footer\"><\/footer><span class='hidden'>\n\t\t\t\t<span class='av-structured-data'  itemprop=\"image\" itemscope=\"itemscope\" itemtype=\"https:\/\/schema.org\/ImageObject\" >\n\t\t\t\t\t\t<span itemprop='url'>https:\/\/www.yvettepons.com\/noticias\/wp-content\/uploads\/2024\/11\/Entrada_Blog_Novembre.jpg<\/span>\n\t\t\t\t\t\t<span itemprop='height'>1000<\/span>\n\t\t\t\t\t\t<span itemprop='width'>956<\/span>\n\t\t\t\t<\/span>\n\t\t\t\t<span class='av-structured-data'  itemprop=\"publisher\" itemtype=\"https:\/\/schema.org\/Organization\" itemscope=\"itemscope\" >\n\t\t\t\t\t\t<span itemprop='name'>yvette<\/span>\n\t\t\t\t\t\t<span itemprop='logo' itemscope itemtype='https:\/\/schema.org\/ImageObject'>\n\t\t\t\t\t\t\t<span itemprop='url'>http:\/\/www.yvettepons.com\/noticias\/wp-content\/uploads\/2022\/09\/XX-1030x567.png<\/span>\n\t\t\t\t\t\t <\/span>\n\t\t\t\t<\/span><span class='av-structured-data'  itemprop=\"author\" itemscope=\"itemscope\" itemtype=\"https:\/\/schema.org\/Person\" ><span itemprop='name'>yvette<\/span><\/span><span class='av-structured-data'  itemprop=\"datePublished\" datetime=\"2019-10-18T10:01:08+02:00\" >2024-11-18 16:57:18<\/span><span class='av-structured-data'  itemprop=\"dateModified\" itemtype=\"https:\/\/schema.org\/dateModified\" >2024-11-18 16:59:47<\/span><span class='av-structured-data'  itemprop=\"mainEntityOfPage\" itemtype=\"https:\/\/schema.org\/mainEntityOfPage\" ><span itemprop='name'>INFLAMMASSAGING\u00ae. El M\u00e9todo que Revoluciona el Cuidado del Cuerpo<\/span><\/span><\/span><\/article><\/div><div class='slide-entry-wrap'><article class='slide-entry flex_column  post-entry post-entry-5427 slide-entry-overview slide-loop-4 slide-parity-odd  av_one_third first real-thumbnail post-format-standard'  itemscope=\"itemscope\" itemtype=\"https:\/\/schema.org\/BlogPosting\" itemprop=\"blogPost\" ><a href='https:\/\/www.yvettepons.com\/noticias\/la-ciencia-detras-del-fenomeno-de-los-suenos-lucidos\/' data-rel='slide-1' class='slide-image' title='La Ciencia Detr\u00e1s del Fen\u00f3meno de los Sue\u00f1os L\u00facidos'><img decoding=\"async\" width=\"495\" height=\"400\" src=\"https:\/\/www.yvettepons.com\/noticias\/wp-content\/uploads\/2024\/10\/blog-octubre-YP-495x400.jpg\" class=\"wp-image-5428 avia-img-lazy-loading-not-5428 attachment-portfolio size-portfolio wp-post-image\" alt=\"\" srcset=\"https:\/\/www.yvettepons.com\/noticias\/wp-content\/uploads\/2024\/10\/blog-octubre-YP-495x400.jpg 495w, https:\/\/www.yvettepons.com\/noticias\/wp-content\/uploads\/2024\/10\/blog-octubre-YP-845x684.jpg 845w\" sizes=\"(max-width: 495px) 100vw, 495px\" \/><\/a><div class='slide-content'><header class=\"entry-content-header\"><span class=\"blog-categories minor-meta\"><a href=\"https:\/\/www.yvettepons.com\/noticias\/category\/actualitat\/\" rel=\"tag\">Actualidad<\/a>, <a href=\"https:\/\/www.yvettepons.com\/noticias\/category\/news\/\" rel=\"tag\">Noticias<\/a> <\/span><h3 class='slide-entry-title entry-title '  itemprop=\"headline\" ><a href='https:\/\/www.yvettepons.com\/noticias\/la-ciencia-detras-del-fenomeno-de-los-suenos-lucidos\/' title='La Ciencia Detr\u00e1s del Fen\u00f3meno de los Sue\u00f1os L\u00facidos'>La Ciencia Detr\u00e1s del Fen\u00f3meno de los Sue\u00f1os L\u00facidos<\/a><\/h3><span class=\"av-vertical-delimiter\"><\/span><\/header><\/div><footer class=\"entry-footer\"><\/footer><span class='hidden'>\n\t\t\t\t<span class='av-structured-data'  itemprop=\"image\" itemscope=\"itemscope\" itemtype=\"https:\/\/schema.org\/ImageObject\" >\n\t\t\t\t\t\t<span itemprop='url'>https:\/\/www.yvettepons.com\/noticias\/wp-content\/uploads\/2024\/10\/blog-octubre-YP.jpg<\/span>\n\t\t\t\t\t\t<span itemprop='height'>1000<\/span>\n\t\t\t\t\t\t<span itemprop='width'>1000<\/span>\n\t\t\t\t<\/span>\n\t\t\t\t<span class='av-structured-data'  itemprop=\"publisher\" itemtype=\"https:\/\/schema.org\/Organization\" itemscope=\"itemscope\" >\n\t\t\t\t\t\t<span itemprop='name'>yvette<\/span>\n\t\t\t\t\t\t<span itemprop='logo' itemscope itemtype='https:\/\/schema.org\/ImageObject'>\n\t\t\t\t\t\t\t<span itemprop='url'>http:\/\/www.yvettepons.com\/noticias\/wp-content\/uploads\/2022\/09\/XX-1030x567.png<\/span>\n\t\t\t\t\t\t <\/span>\n\t\t\t\t<\/span><span class='av-structured-data'  itemprop=\"author\" itemscope=\"itemscope\" itemtype=\"https:\/\/schema.org\/Person\" ><span itemprop='name'>yvette<\/span><\/span><span class='av-structured-data'  itemprop=\"datePublished\" datetime=\"2019-10-18T10:01:08+02:00\" >2024-10-15 11:29:08<\/span><span class='av-structured-data'  itemprop=\"dateModified\" itemtype=\"https:\/\/schema.org\/dateModified\" >2024-10-15 11:29:16<\/span><span class='av-structured-data'  itemprop=\"mainEntityOfPage\" itemtype=\"https:\/\/schema.org\/mainEntityOfPage\" ><span itemprop='name'>La Ciencia Detr\u00e1s del Fen\u00f3meno de los Sue\u00f1os L\u00facidos<\/span><\/span><\/span><\/article><article class='slide-entry flex_column  post-entry post-entry-5384 slide-entry-overview slide-loop-5 slide-parity-even  av_one_third  real-thumbnail post-format-standard'  itemscope=\"itemscope\" itemtype=\"https:\/\/schema.org\/BlogPosting\" itemprop=\"blogPost\" ><a href='https:\/\/www.yvettepons.com\/noticias\/mercurio-retrogrado\/' data-rel='slide-1' class='slide-image' title='MERCURIO RETR\u00d3GRADO'><img decoding=\"async\" width=\"495\" height=\"400\" src=\"https:\/\/www.yvettepons.com\/noticias\/wp-content\/uploads\/2023\/11\/pexels-cottonbro-studio-5966337-495x400.jpg\" class=\"wp-image-5385 avia-img-lazy-loading-not-5385 attachment-portfolio size-portfolio wp-post-image\" alt=\"\" srcset=\"https:\/\/www.yvettepons.com\/noticias\/wp-content\/uploads\/2023\/11\/pexels-cottonbro-studio-5966337-495x400.jpg 495w, https:\/\/www.yvettepons.com\/noticias\/wp-content\/uploads\/2023\/11\/pexels-cottonbro-studio-5966337-845x684.jpg 845w\" sizes=\"(max-width: 495px) 100vw, 495px\" \/><\/a><div class='slide-content'><header class=\"entry-content-header\"><span class=\"blog-categories minor-meta\"><a href=\"https:\/\/www.yvettepons.com\/noticias\/category\/news\/\" rel=\"tag\">Noticias<\/a> <\/span><h3 class='slide-entry-title entry-title '  itemprop=\"headline\" ><a href='https:\/\/www.yvettepons.com\/noticias\/mercurio-retrogrado\/' title='MERCURIO RETR\u00d3GRADO'>MERCURIO RETR\u00d3GRADO<\/a><\/h3><span class=\"av-vertical-delimiter\"><\/span><\/header><\/div><footer class=\"entry-footer\"><\/footer><span class='hidden'>\n\t\t\t\t<span class='av-structured-data'  itemprop=\"image\" itemscope=\"itemscope\" itemtype=\"https:\/\/schema.org\/ImageObject\" >\n\t\t\t\t\t\t<span itemprop='url'>https:\/\/www.yvettepons.com\/noticias\/wp-content\/uploads\/2023\/11\/pexels-cottonbro-studio-5966337-scaled.jpg<\/span>\n\t\t\t\t\t\t<span itemprop='height'>2560<\/span>\n\t\t\t\t\t\t<span itemprop='width'>1707<\/span>\n\t\t\t\t<\/span>\n\t\t\t\t<span class='av-structured-data'  itemprop=\"publisher\" itemtype=\"https:\/\/schema.org\/Organization\" itemscope=\"itemscope\" >\n\t\t\t\t\t\t<span itemprop='name'>yvette<\/span>\n\t\t\t\t\t\t<span itemprop='logo' itemscope itemtype='https:\/\/schema.org\/ImageObject'>\n\t\t\t\t\t\t\t<span itemprop='url'>http:\/\/www.yvettepons.com\/noticias\/wp-content\/uploads\/2022\/09\/XX-1030x567.png<\/span>\n\t\t\t\t\t\t <\/span>\n\t\t\t\t<\/span><span class='av-structured-data'  itemprop=\"author\" itemscope=\"itemscope\" itemtype=\"https:\/\/schema.org\/Person\" ><span itemprop='name'>yvette<\/span><\/span><span class='av-structured-data'  itemprop=\"datePublished\" datetime=\"2019-10-18T10:01:08+02:00\" >2023-12-18 09:32:15<\/span><span class='av-structured-data'  itemprop=\"dateModified\" itemtype=\"https:\/\/schema.org\/dateModified\" >2023-11-14 13:53:49<\/span><span class='av-structured-data'  itemprop=\"mainEntityOfPage\" itemtype=\"https:\/\/schema.org\/mainEntityOfPage\" ><span itemprop='name'>MERCURIO RETR\u00d3GRADO<\/span><\/span><\/span><\/article><article class='slide-entry flex_column  post-entry post-entry-5303 slide-entry-overview slide-loop-6 slide-parity-odd  av_one_third  real-thumbnail post-format-standard'  itemscope=\"itemscope\" itemtype=\"https:\/\/schema.org\/BlogPosting\" itemprop=\"blogPost\" ><a href='https:\/\/www.yvettepons.com\/noticias\/reportaje-yv-lyfth-la-nueva-terapia-virtuosa-yvette-pons\/' data-rel='slide-1' class='slide-image' title='Reportaje YV-LYFTH, la nueva terapia virtuosa de Yvette Pons'><img decoding=\"async\" width=\"495\" height=\"400\" src=\"https:\/\/www.yvettepons.com\/noticias\/wp-content\/uploads\/2023\/02\/Captura-de-pantalla-2023-02-13-a-las-12.26.24-495x400.png\" class=\"wp-image-5322 avia-img-lazy-loading-not-5322 attachment-portfolio size-portfolio wp-post-image\" alt=\"\" srcset=\"https:\/\/www.yvettepons.com\/noticias\/wp-content\/uploads\/2023\/02\/Captura-de-pantalla-2023-02-13-a-las-12.26.24-495x400.png 495w, https:\/\/www.yvettepons.com\/noticias\/wp-content\/uploads\/2023\/02\/Captura-de-pantalla-2023-02-13-a-las-12.26.24-845x684.png 845w\" sizes=\"(max-width: 495px) 100vw, 495px\" \/><\/a><div class='slide-content'><header class=\"entry-content-header\"><span class=\"blog-categories minor-meta\"><a href=\"https:\/\/www.yvettepons.com\/noticias\/category\/actualitat\/\" rel=\"tag\">Actualidad<\/a>, <a href=\"https:\/\/www.yvettepons.com\/noticias\/category\/news\/\" rel=\"tag\">Noticias<\/a> <\/span><h3 class='slide-entry-title entry-title '  itemprop=\"headline\" ><a href='https:\/\/www.yvettepons.com\/noticias\/reportaje-yv-lyfth-la-nueva-terapia-virtuosa-yvette-pons\/' title='Reportaje YV-LYFTH, la nueva terapia virtuosa de Yvette Pons'>Reportaje YV-LYFTH, la nueva terapia virtuosa de Yvette Pons<\/a><\/h3><span class=\"av-vertical-delimiter\"><\/span><\/header><\/div><footer class=\"entry-footer\"><\/footer><span class='hidden'>\n\t\t\t\t<span class='av-structured-data'  itemprop=\"image\" itemscope=\"itemscope\" itemtype=\"https:\/\/schema.org\/ImageObject\" >\n\t\t\t\t\t\t<span itemprop='url'>https:\/\/www.yvettepons.com\/noticias\/wp-content\/uploads\/2023\/02\/Captura-de-pantalla-2023-02-13-a-las-12.26.24.png<\/span>\n\t\t\t\t\t\t<span itemprop='height'>1418<\/span>\n\t\t\t\t\t\t<span itemprop='width'>1422<\/span>\n\t\t\t\t<\/span>\n\t\t\t\t<span class='av-structured-data'  itemprop=\"publisher\" itemtype=\"https:\/\/schema.org\/Organization\" itemscope=\"itemscope\" >\n\t\t\t\t\t\t<span itemprop='name'>yvette<\/span>\n\t\t\t\t\t\t<span itemprop='logo' itemscope itemtype='https:\/\/schema.org\/ImageObject'>\n\t\t\t\t\t\t\t<span itemprop='url'>http:\/\/www.yvettepons.com\/noticias\/wp-content\/uploads\/2022\/09\/XX-1030x567.png<\/span>\n\t\t\t\t\t\t <\/span>\n\t\t\t\t<\/span><span class='av-structured-data'  itemprop=\"author\" itemscope=\"itemscope\" itemtype=\"https:\/\/schema.org\/Person\" ><span itemprop='name'>yvette<\/span><\/span><span class='av-structured-data'  itemprop=\"datePublished\" datetime=\"2019-10-18T10:01:08+02:00\" >2023-02-13 10:10:54<\/span><span class='av-structured-data'  itemprop=\"dateModified\" itemtype=\"https:\/\/schema.org\/dateModified\" >2023-02-13 11:31:18<\/span><span class='av-structured-data'  itemprop=\"mainEntityOfPage\" itemtype=\"https:\/\/schema.org\/mainEntityOfPage\" ><span itemprop='name'>Reportaje YV-LYFTH, la nueva terapia virtuosa de Yvette Pons<\/span><\/span><\/span><\/article><\/div><div class='slide-entry-wrap'><article class='slide-entry flex_column  post-entry post-entry-5131 slide-entry-overview slide-loop-7 slide-parity-odd  av_one_third first real-thumbnail post-format-standard'  itemscope=\"itemscope\" itemtype=\"https:\/\/schema.org\/BlogPosting\" itemprop=\"blogPost\" ><a href='https:\/\/www.yvettepons.com\/noticias\/covid-19-protocolo-higiene-seguridad\/' data-rel='slide-1' class='slide-image' title='COVID 19: PROTOCOLO DE HIGIENE Y SEGURIDAD'><img decoding=\"async\" width=\"495\" height=\"400\" src=\"https:\/\/www.yvettepons.com\/noticias\/wp-content\/uploads\/2020\/05\/Captura-de-pantalla-2020-05-11-a-las-10.51.31-1-495x400.png\" class=\"wp-image-5137 avia-img-lazy-loading-not-5137 attachment-portfolio size-portfolio wp-post-image\" alt=\"\" \/><\/a><div class='slide-content'><header class=\"entry-content-header\"><span class=\"blog-categories minor-meta\"><a href=\"https:\/\/www.yvettepons.com\/noticias\/category\/actualitat\/\" rel=\"tag\">Actualidad<\/a>, <a href=\"https:\/\/www.yvettepons.com\/noticias\/category\/news\/\" rel=\"tag\">Noticias<\/a>, <a href=\"https:\/\/www.yvettepons.com\/noticias\/category\/salud\/\" rel=\"tag\">Salud<\/a>, <a href=\"https:\/\/www.yvettepons.com\/noticias\/category\/sanitat\/\" rel=\"tag\">Sanidad<\/a> <\/span><h3 class='slide-entry-title entry-title '  itemprop=\"headline\" ><a href='https:\/\/www.yvettepons.com\/noticias\/covid-19-protocolo-higiene-seguridad\/' title='COVID 19: PROTOCOLO DE HIGIENE Y SEGURIDAD'>COVID 19: PROTOCOLO DE HIGIENE Y SEGURIDAD<\/a><\/h3><span class=\"av-vertical-delimiter\"><\/span><\/header><\/div><footer class=\"entry-footer\"><\/footer><span class='hidden'>\n\t\t\t\t<span class='av-structured-data'  itemprop=\"image\" itemscope=\"itemscope\" itemtype=\"https:\/\/schema.org\/ImageObject\" >\n\t\t\t\t\t\t<span itemprop='url'>https:\/\/www.yvettepons.com\/noticias\/wp-content\/uploads\/2020\/05\/Captura-de-pantalla-2020-05-11-a-las-10.51.31-1.png<\/span>\n\t\t\t\t\t\t<span itemprop='height'>432<\/span>\n\t\t\t\t\t\t<span itemprop='width'>614<\/span>\n\t\t\t\t<\/span>\n\t\t\t\t<span class='av-structured-data'  itemprop=\"publisher\" itemtype=\"https:\/\/schema.org\/Organization\" itemscope=\"itemscope\" >\n\t\t\t\t\t\t<span itemprop='name'>yvette<\/span>\n\t\t\t\t\t\t<span itemprop='logo' itemscope itemtype='https:\/\/schema.org\/ImageObject'>\n\t\t\t\t\t\t\t<span itemprop='url'>http:\/\/www.yvettepons.com\/noticias\/wp-content\/uploads\/2022\/09\/XX-1030x567.png<\/span>\n\t\t\t\t\t\t <\/span>\n\t\t\t\t<\/span><span class='av-structured-data'  itemprop=\"author\" itemscope=\"itemscope\" itemtype=\"https:\/\/schema.org\/Person\" ><span itemprop='name'>yvette<\/span><\/span><span class='av-structured-data'  itemprop=\"datePublished\" datetime=\"2019-10-18T10:01:08+02:00\" >2020-05-11 08:51:51<\/span><span class='av-structured-data'  itemprop=\"dateModified\" itemtype=\"https:\/\/schema.org\/dateModified\" >2020-05-12 08:33:31<\/span><span class='av-structured-data'  itemprop=\"mainEntityOfPage\" itemtype=\"https:\/\/schema.org\/mainEntityOfPage\" ><span itemprop='name'>COVID 19: PROTOCOLO DE HIGIENE Y SEGURIDAD<\/span><\/span><\/span><\/article><article class='slide-entry flex_column  post-entry post-entry-4982 slide-entry-overview slide-loop-8 slide-parity-even  av_one_third  real-thumbnail post-format-standard'  itemscope=\"itemscope\" itemtype=\"https:\/\/schema.org\/BlogPosting\" itemprop=\"blogPost\" ><a href='https:\/\/www.yvettepons.com\/noticias\/manos-el-poder-antiedad\/' data-rel='slide-1' class='slide-image' title='ART\u00cdCULO: Manos, el poder antiedad del sentido del tacto.  Yvette Pons'><img decoding=\"async\" width=\"495\" height=\"400\" src=\"https:\/\/www.yvettepons.com\/noticias\/wp-content\/uploads\/2019\/11\/Copia-de-Copia-de-Dise\u00f1o-sin-t\u00edtulo-4-495x400.png\" class=\"wp-image-4983 avia-img-lazy-loading-not-4983 attachment-portfolio size-portfolio wp-post-image\" alt=\"\" srcset=\"https:\/\/www.yvettepons.com\/noticias\/wp-content\/uploads\/2019\/11\/Copia-de-Copia-de-Dise\u00f1o-sin-t\u00edtulo-4-495x400.png 495w, https:\/\/www.yvettepons.com\/noticias\/wp-content\/uploads\/2019\/11\/Copia-de-Copia-de-Dise\u00f1o-sin-t\u00edtulo-4-845x684.png 845w\" sizes=\"(max-width: 495px) 100vw, 495px\" \/><\/a><div class='slide-content'><header class=\"entry-content-header\"><span class=\"blog-categories minor-meta\"><a href=\"https:\/\/www.yvettepons.com\/noticias\/category\/actualitat\/\" rel=\"tag\">Actualidad<\/a>, <a href=\"https:\/\/www.yvettepons.com\/noticias\/category\/news\/\" rel=\"tag\">Noticias<\/a> <\/span><h3 class='slide-entry-title entry-title '  itemprop=\"headline\" ><a href='https:\/\/www.yvettepons.com\/noticias\/manos-el-poder-antiedad\/' title='ART\u00cdCULO: Manos, el poder antiedad del sentido del tacto.  Yvette Pons'>ART\u00cdCULO: Manos, el poder antiedad del sentido del tacto.  Yvette Pons<\/a><\/h3><span class=\"av-vertical-delimiter\"><\/span><\/header><\/div><footer class=\"entry-footer\"><\/footer><span class='hidden'>\n\t\t\t\t<span class='av-structured-data'  itemprop=\"image\" itemscope=\"itemscope\" itemtype=\"https:\/\/schema.org\/ImageObject\" >\n\t\t\t\t\t\t<span itemprop='url'>https:\/\/www.yvettepons.com\/noticias\/wp-content\/uploads\/2019\/11\/Copia-de-Copia-de-Dise\u00f1o-sin-t\u00edtulo-4.png<\/span>\n\t\t\t\t\t\t<span itemprop='height'>1080<\/span>\n\t\t\t\t\t\t<span itemprop='width'>1080<\/span>\n\t\t\t\t<\/span>\n\t\t\t\t<span class='av-structured-data'  itemprop=\"publisher\" itemtype=\"https:\/\/schema.org\/Organization\" itemscope=\"itemscope\" >\n\t\t\t\t\t\t<span itemprop='name'>yvette<\/span>\n\t\t\t\t\t\t<span itemprop='logo' itemscope itemtype='https:\/\/schema.org\/ImageObject'>\n\t\t\t\t\t\t\t<span itemprop='url'>http:\/\/www.yvettepons.com\/noticias\/wp-content\/uploads\/2022\/09\/XX-1030x567.png<\/span>\n\t\t\t\t\t\t <\/span>\n\t\t\t\t<\/span><span class='av-structured-data'  itemprop=\"author\" itemscope=\"itemscope\" itemtype=\"https:\/\/schema.org\/Person\" ><span itemprop='name'>yvette<\/span><\/span><span class='av-structured-data'  itemprop=\"datePublished\" datetime=\"2019-10-18T10:01:08+02:00\" >2019-11-29 09:24:32<\/span><span class='av-structured-data'  itemprop=\"dateModified\" itemtype=\"https:\/\/schema.org\/dateModified\" >2019-11-29 09:55:44<\/span><span class='av-structured-data'  itemprop=\"mainEntityOfPage\" itemtype=\"https:\/\/schema.org\/mainEntityOfPage\" ><span itemprop='name'>ART\u00cdCULO: Manos, el poder antiedad del sentido del tacto.  Yvette Pons<\/span><\/span><\/span><\/article><article class='slide-entry flex_column  post-entry post-entry-4640 slide-entry-overview slide-loop-9 slide-parity-odd  post-entry-last  av_one_third  real-thumbnail post-format-standard'  itemscope=\"itemscope\" itemtype=\"https:\/\/schema.org\/BlogPosting\" itemprop=\"blogPost\" ><a href='https:\/\/www.yvettepons.com\/noticias\/articulo-rejuvenecer-el-renacimiento-de-la-piel\/' data-rel='slide-1' class='slide-image' title='ART\u00cdCULO: REJUVENECER, EL RENACIMIENTO DE LA PIEL.  Yvette Pons'><img decoding=\"async\" width=\"495\" height=\"400\" src=\"https:\/\/www.yvettepons.com\/noticias\/wp-content\/uploads\/2019\/10\/Copia-de-Dise\u00f1o-sin-t\u00edtulo-8-495x400.png\" class=\"wp-image-4641 avia-img-lazy-loading-not-4641 attachment-portfolio size-portfolio wp-post-image\" alt=\"\" srcset=\"https:\/\/www.yvettepons.com\/noticias\/wp-content\/uploads\/2019\/10\/Copia-de-Dise\u00f1o-sin-t\u00edtulo-8-495x400.png 495w, https:\/\/www.yvettepons.com\/noticias\/wp-content\/uploads\/2019\/10\/Copia-de-Dise\u00f1o-sin-t\u00edtulo-8-845x684.png 845w\" sizes=\"(max-width: 495px) 100vw, 495px\" \/><\/a><div class='slide-content'><header class=\"entry-content-header\"><span class=\"blog-categories minor-meta\"><a href=\"https:\/\/www.yvettepons.com\/noticias\/category\/actualitat\/\" rel=\"tag\">Actualidad<\/a>, <a href=\"https:\/\/www.yvettepons.com\/noticias\/category\/news\/\" rel=\"tag\">Noticias<\/a> <\/span><h3 class='slide-entry-title entry-title '  itemprop=\"headline\" ><a href='https:\/\/www.yvettepons.com\/noticias\/articulo-rejuvenecer-el-renacimiento-de-la-piel\/' title='ART\u00cdCULO: REJUVENECER, EL RENACIMIENTO DE LA PIEL.  Yvette Pons'>ART\u00cdCULO: REJUVENECER, EL RENACIMIENTO DE LA PIEL.  Yvette Pons<\/a><\/h3><span class=\"av-vertical-delimiter\"><\/span><\/header><\/div><footer class=\"entry-footer\"><\/footer><span class='hidden'>\n\t\t\t\t<span class='av-structured-data'  itemprop=\"image\" itemscope=\"itemscope\" itemtype=\"https:\/\/schema.org\/ImageObject\" >\n\t\t\t\t\t\t<span itemprop='url'>https:\/\/www.yvettepons.com\/noticias\/wp-content\/uploads\/2019\/10\/Copia-de-Dise\u00f1o-sin-t\u00edtulo-8.png<\/span>\n\t\t\t\t\t\t<span itemprop='height'>1080<\/span>\n\t\t\t\t\t\t<span itemprop='width'>1080<\/span>\n\t\t\t\t<\/span>\n\t\t\t\t<span class='av-structured-data'  itemprop=\"publisher\" itemtype=\"https:\/\/schema.org\/Organization\" itemscope=\"itemscope\" >\n\t\t\t\t\t\t<span itemprop='name'>yvette<\/span>\n\t\t\t\t\t\t<span itemprop='logo' itemscope itemtype='https:\/\/schema.org\/ImageObject'>\n\t\t\t\t\t\t\t<span itemprop='url'>http:\/\/www.yvettepons.com\/noticias\/wp-content\/uploads\/2022\/09\/XX-1030x567.png<\/span>\n\t\t\t\t\t\t <\/span>\n\t\t\t\t<\/span><span class='av-structured-data'  itemprop=\"author\" itemscope=\"itemscope\" itemtype=\"https:\/\/schema.org\/Person\" ><span itemprop='name'>yvette<\/span><\/span><span class='av-structured-data'  itemprop=\"datePublished\" datetime=\"2019-10-18T10:01:08+02:00\" >2019-10-18 10:01:08<\/span><span class='av-structured-data'  itemprop=\"dateModified\" itemtype=\"https:\/\/schema.org\/dateModified\" >2019-10-18 10:27:21<\/span><span class='av-structured-data'  itemprop=\"mainEntityOfPage\" itemtype=\"https:\/\/schema.org\/mainEntityOfPage\" ><span itemprop='name'>ART\u00cdCULO: REJUVENECER, EL RENACIMIENTO DE LA PIEL.  Yvette Pons<\/span><\/span><\/span><\/article><\/div><\/div><div class='avia-slideshow-arrows avia-slideshow-controls'><a href='#prev' class='prev-slide' aria-hidden='true' data-av_icon='\ue87c' data-av_iconfont='entypo-fontello'>Anterior<\/a><a href='#next' class='next-slide' aria-hidden='true' data-av_icon='\ue87d' data-av_iconfont='entypo-fontello'>Posterior<\/a><\/div><\/div>\n","protected":false},"excerpt":{"rendered":"<p>Te mostramos hoy en nuestro Blog el art\u00edculo, escrito por Yvette Pons, que la Revista Vida Est\u00e9tica ha publicado en este mes de Octubre.<\/p>\n","protected":false},"author":1,"featured_media":4641,"comment_status":"open","ping_status":"open","sticky":false,"template":"","format":"standard","meta":{"footnotes":""},"categories":[57,14],"tags":[],"class_list":["post-4640","post","type-post","status-publish","format-standard","has-post-thumbnail","hentry","category-actualitat","category-news"],"yoast_head":"<!-- This site is optimized with the Yoast SEO plugin v23.3 - https:\/\/yoast.com\/wordpress\/plugins\/seo\/ -->\n<title>ART\u00cdCULO: REJUVENECER, EL RENACIMIENTO DE LA PIEL. Yvette Pons -<\/title>\n<meta name=\"robots\" content=\"index, follow, max-snippet:-1, max-image-preview:large, max-video-preview:-1\" \/>\n<link rel=\"canonical\" href=\"https:\/\/www.yvettepons.com\/noticias\/articulo-rejuvenecer-el-renacimiento-de-la-piel\/\" \/>\n<meta property=\"og:locale\" content=\"es_ES\" \/>\n<meta property=\"og:type\" content=\"article\" \/>\n<meta property=\"og:title\" content=\"ART\u00cdCULO: REJUVENECER, EL RENACIMIENTO DE LA PIEL. Yvette Pons -\" \/>\n<meta property=\"og:description\" content=\"Te mostramos hoy en nuestro Blog el art\u00edculo, escrito por Yvette Pons, que la Revista Vida Est\u00e9tica ha publicado en este mes de Octubre.\" \/>\n<meta property=\"og:url\" content=\"https:\/\/www.yvettepons.com\/noticias\/articulo-rejuvenecer-el-renacimiento-de-la-piel\/\" \/>\n<meta property=\"article:published_time\" content=\"2019-10-18T10:01:08+00:00\" \/>\n<meta property=\"article:modified_time\" content=\"2019-10-18T10:27:21+00:00\" \/>\n<meta property=\"og:image\" content=\"https:\/\/www.yvettepons.com\/noticias\/wp-content\/uploads\/2019\/10\/Copia-de-Dise\u00f1o-sin-t\u00edtulo-8.png\" \/>\n\t<meta property=\"og:image:width\" content=\"1080\" \/>\n\t<meta property=\"og:image:height\" content=\"1080\" \/>\n\t<meta property=\"og:image:type\" content=\"image\/png\" \/>\n<meta name=\"author\" content=\"yvette\" \/>\n<meta name=\"twitter:card\" content=\"summary_large_image\" \/>\n<meta name=\"twitter:label1\" content=\"Escrito por\" \/>\n\t<meta name=\"twitter:data1\" content=\"yvette\" \/>\n\t<meta name=\"twitter:label2\" content=\"Tiempo de lectura\" \/>\n\t<meta name=\"twitter:data2\" content=\"2 minutos\" \/>\n<script type=\"application\/ld+json\" class=\"yoast-schema-graph\">{\"@context\":\"https:\/\/schema.org\",\"@graph\":[{\"@type\":\"WebPage\",\"@id\":\"https:\/\/www.yvettepons.com\/noticias\/articulo-rejuvenecer-el-renacimiento-de-la-piel\/\",\"url\":\"https:\/\/www.yvettepons.com\/noticias\/articulo-rejuvenecer-el-renacimiento-de-la-piel\/\",\"name\":\"ART\u00cdCULO: REJUVENECER, EL RENACIMIENTO DE LA PIEL. Yvette Pons -\",\"isPartOf\":{\"@id\":\"https:\/\/www.yvettepons.com\/noticias\/#website\"},\"primaryImageOfPage\":{\"@id\":\"https:\/\/www.yvettepons.com\/noticias\/articulo-rejuvenecer-el-renacimiento-de-la-piel\/#primaryimage\"},\"image\":{\"@id\":\"https:\/\/www.yvettepons.com\/noticias\/articulo-rejuvenecer-el-renacimiento-de-la-piel\/#primaryimage\"},\"thumbnailUrl\":\"https:\/\/www.yvettepons.com\/noticias\/wp-content\/uploads\/2019\/10\/Copia-de-Dise\u00f1o-sin-t\u00edtulo-8.png\",\"datePublished\":\"2019-10-18T10:01:08+00:00\",\"dateModified\":\"2019-10-18T10:27:21+00:00\",\"author\":{\"@id\":\"https:\/\/www.yvettepons.com\/noticias\/#\/schema\/person\/5b9d0cfa89aee629bece162bfdf8b8bf\"},\"breadcrumb\":{\"@id\":\"https:\/\/www.yvettepons.com\/noticias\/articulo-rejuvenecer-el-renacimiento-de-la-piel\/#breadcrumb\"},\"inLanguage\":\"es\",\"potentialAction\":[{\"@type\":\"ReadAction\",\"target\":[\"https:\/\/www.yvettepons.com\/noticias\/articulo-rejuvenecer-el-renacimiento-de-la-piel\/\"]}]},{\"@type\":\"ImageObject\",\"inLanguage\":\"es\",\"@id\":\"https:\/\/www.yvettepons.com\/noticias\/articulo-rejuvenecer-el-renacimiento-de-la-piel\/#primaryimage\",\"url\":\"https:\/\/www.yvettepons.com\/noticias\/wp-content\/uploads\/2019\/10\/Copia-de-Dise\u00f1o-sin-t\u00edtulo-8.png\",\"contentUrl\":\"https:\/\/www.yvettepons.com\/noticias\/wp-content\/uploads\/2019\/10\/Copia-de-Dise\u00f1o-sin-t\u00edtulo-8.png\",\"width\":1080,\"height\":1080},{\"@type\":\"BreadcrumbList\",\"@id\":\"https:\/\/www.yvettepons.com\/noticias\/articulo-rejuvenecer-el-renacimiento-de-la-piel\/#breadcrumb\",\"itemListElement\":[{\"@type\":\"ListItem\",\"position\":1,\"name\":\"Portada\",\"item\":\"https:\/\/www.yvettepons.com\/noticias\/\"},{\"@type\":\"ListItem\",\"position\":2,\"name\":\"ART\u00cdCULO: REJUVENECER, EL RENACIMIENTO DE LA PIEL. Yvette Pons\"}]},{\"@type\":\"WebSite\",\"@id\":\"https:\/\/www.yvettepons.com\/noticias\/#website\",\"url\":\"https:\/\/www.yvettepons.com\/noticias\/\",\"name\":\"\",\"description\":\"\",\"potentialAction\":[{\"@type\":\"SearchAction\",\"target\":{\"@type\":\"EntryPoint\",\"urlTemplate\":\"https:\/\/www.yvettepons.com\/noticias\/?s={search_term_string}\"},\"query-input\":\"required name=search_term_string\"}],\"inLanguage\":\"es\"},{\"@type\":\"Person\",\"@id\":\"https:\/\/www.yvettepons.com\/noticias\/#\/schema\/person\/5b9d0cfa89aee629bece162bfdf8b8bf\",\"name\":\"yvette\",\"image\":{\"@type\":\"ImageObject\",\"inLanguage\":\"es\",\"@id\":\"https:\/\/www.yvettepons.com\/noticias\/#\/schema\/person\/image\/\",\"url\":\"https:\/\/secure.gravatar.com\/avatar\/b31da7f75aa0d53c1cd9f27269d3fd5a583671f8ae3cec5fc14a021caad18787?s=96&d=mm&r=g\",\"contentUrl\":\"https:\/\/secure.gravatar.com\/avatar\/b31da7f75aa0d53c1cd9f27269d3fd5a583671f8ae3cec5fc14a021caad18787?s=96&d=mm&r=g\",\"caption\":\"yvette\"},\"url\":\"https:\/\/www.yvettepons.com\/noticias\/author\/yvette\/\"}]}<\/script>\n<!-- \/ Yoast SEO plugin. -->","yoast_head_json":{"title":"ART\u00cdCULO: REJUVENECER, EL RENACIMIENTO DE LA PIEL. Yvette Pons -","robots":{"index":"index","follow":"follow","max-snippet":"max-snippet:-1","max-image-preview":"max-image-preview:large","max-video-preview":"max-video-preview:-1"},"canonical":"https:\/\/www.yvettepons.com\/noticias\/articulo-rejuvenecer-el-renacimiento-de-la-piel\/","og_locale":"es_ES","og_type":"article","og_title":"ART\u00cdCULO: REJUVENECER, EL RENACIMIENTO DE LA PIEL. Yvette Pons -","og_description":"Te mostramos hoy en nuestro Blog el art\u00edculo, escrito por Yvette Pons, que la Revista Vida Est\u00e9tica ha publicado en este mes de Octubre.","og_url":"https:\/\/www.yvettepons.com\/noticias\/articulo-rejuvenecer-el-renacimiento-de-la-piel\/","article_published_time":"2019-10-18T10:01:08+00:00","article_modified_time":"2019-10-18T10:27:21+00:00","og_image":[{"width":1080,"height":1080,"url":"https:\/\/www.yvettepons.com\/noticias\/wp-content\/uploads\/2019\/10\/Copia-de-Dise\u00f1o-sin-t\u00edtulo-8.png","type":"image\/png"}],"author":"yvette","twitter_card":"summary_large_image","twitter_misc":{"Escrito por":"yvette","Tiempo de lectura":"2 minutos"},"schema":{"@context":"https:\/\/schema.org","@graph":[{"@type":"WebPage","@id":"https:\/\/www.yvettepons.com\/noticias\/articulo-rejuvenecer-el-renacimiento-de-la-piel\/","url":"https:\/\/www.yvettepons.com\/noticias\/articulo-rejuvenecer-el-renacimiento-de-la-piel\/","name":"ART\u00cdCULO: REJUVENECER, EL RENACIMIENTO DE LA PIEL. Yvette Pons -","isPartOf":{"@id":"https:\/\/www.yvettepons.com\/noticias\/#website"},"primaryImageOfPage":{"@id":"https:\/\/www.yvettepons.com\/noticias\/articulo-rejuvenecer-el-renacimiento-de-la-piel\/#primaryimage"},"image":{"@id":"https:\/\/www.yvettepons.com\/noticias\/articulo-rejuvenecer-el-renacimiento-de-la-piel\/#primaryimage"},"thumbnailUrl":"https:\/\/www.yvettepons.com\/noticias\/wp-content\/uploads\/2019\/10\/Copia-de-Dise\u00f1o-sin-t\u00edtulo-8.png","datePublished":"2019-10-18T10:01:08+00:00","dateModified":"2019-10-18T10:27:21+00:00","author":{"@id":"https:\/\/www.yvettepons.com\/noticias\/#\/schema\/person\/5b9d0cfa89aee629bece162bfdf8b8bf"},"breadcrumb":{"@id":"https:\/\/www.yvettepons.com\/noticias\/articulo-rejuvenecer-el-renacimiento-de-la-piel\/#breadcrumb"},"inLanguage":"es","potentialAction":[{"@type":"ReadAction","target":["https:\/\/www.yvettepons.com\/noticias\/articulo-rejuvenecer-el-renacimiento-de-la-piel\/"]}]},{"@type":"ImageObject","inLanguage":"es","@id":"https:\/\/www.yvettepons.com\/noticias\/articulo-rejuvenecer-el-renacimiento-de-la-piel\/#primaryimage","url":"https:\/\/www.yvettepons.com\/noticias\/wp-content\/uploads\/2019\/10\/Copia-de-Dise\u00f1o-sin-t\u00edtulo-8.png","contentUrl":"https:\/\/www.yvettepons.com\/noticias\/wp-content\/uploads\/2019\/10\/Copia-de-Dise\u00f1o-sin-t\u00edtulo-8.png","width":1080,"height":1080},{"@type":"BreadcrumbList","@id":"https:\/\/www.yvettepons.com\/noticias\/articulo-rejuvenecer-el-renacimiento-de-la-piel\/#breadcrumb","itemListElement":[{"@type":"ListItem","position":1,"name":"Portada","item":"https:\/\/www.yvettepons.com\/noticias\/"},{"@type":"ListItem","position":2,"name":"ART\u00cdCULO: REJUVENECER, EL RENACIMIENTO DE LA PIEL. Yvette Pons"}]},{"@type":"WebSite","@id":"https:\/\/www.yvettepons.com\/noticias\/#website","url":"https:\/\/www.yvettepons.com\/noticias\/","name":"","description":"","potentialAction":[{"@type":"SearchAction","target":{"@type":"EntryPoint","urlTemplate":"https:\/\/www.yvettepons.com\/noticias\/?s={search_term_string}"},"query-input":"required name=search_term_string"}],"inLanguage":"es"},{"@type":"Person","@id":"https:\/\/www.yvettepons.com\/noticias\/#\/schema\/person\/5b9d0cfa89aee629bece162bfdf8b8bf","name":"yvette","image":{"@type":"ImageObject","inLanguage":"es","@id":"https:\/\/www.yvettepons.com\/noticias\/#\/schema\/person\/image\/","url":"https:\/\/secure.gravatar.com\/avatar\/b31da7f75aa0d53c1cd9f27269d3fd5a583671f8ae3cec5fc14a021caad18787?s=96&d=mm&r=g","contentUrl":"https:\/\/secure.gravatar.com\/avatar\/b31da7f75aa0d53c1cd9f27269d3fd5a583671f8ae3cec5fc14a021caad18787?s=96&d=mm&r=g","caption":"yvette"},"url":"https:\/\/www.yvettepons.com\/noticias\/author\/yvette\/"}]}},"_links":{"self":[{"href":"https:\/\/www.yvettepons.com\/noticias\/wp-json\/wp\/v2\/posts\/4640","targetHints":{"allow":["GET"]}}],"collection":[{"href":"https:\/\/www.yvettepons.com\/noticias\/wp-json\/wp\/v2\/posts"}],"about":[{"href":"https:\/\/www.yvettepons.com\/noticias\/wp-json\/wp\/v2\/types\/post"}],"author":[{"embeddable":true,"href":"https:\/\/www.yvettepons.com\/noticias\/wp-json\/wp\/v2\/users\/1"}],"replies":[{"embeddable":true,"href":"https:\/\/www.yvettepons.com\/noticias\/wp-json\/wp\/v2\/comments?post=4640"}],"version-history":[{"count":8,"href":"https:\/\/www.yvettepons.com\/noticias\/wp-json\/wp\/v2\/posts\/4640\/revisions"}],"predecessor-version":[{"id":4652,"href":"https:\/\/www.yvettepons.com\/noticias\/wp-json\/wp\/v2\/posts\/4640\/revisions\/4652"}],"wp:featuredmedia":[{"embeddable":true,"href":"https:\/\/www.yvettepons.com\/noticias\/wp-json\/wp\/v2\/media\/4641"}],"wp:attachment":[{"href":"https:\/\/www.yvettepons.com\/noticias\/wp-json\/wp\/v2\/media?parent=4640"}],"wp:term":[{"taxonomy":"category","embeddable":true,"href":"https:\/\/www.yvettepons.com\/noticias\/wp-json\/wp\/v2\/categories?post=4640"},{"taxonomy":"post_tag","embeddable":true,"href":"https:\/\/www.yvettepons.com\/noticias\/wp-json\/wp\/v2\/tags?post=4640"}],"curies":[{"name":"wp","href":"https:\/\/api.w.org\/{rel}","templated":true}]}}