{"id":4273,"date":"2019-04-26T09:43:48","date_gmt":"2019-04-26T09:43:48","guid":{"rendered":"http:\/\/www.yvettepons.com\/noticias\/?p=4273"},"modified":"2019-04-26T09:46:19","modified_gmt":"2019-04-26T09:46:19","slug":"regala-belleza-bienestar-dia-la-madre","status":"publish","type":"post","link":"https:\/\/www.yvettepons.com\/noticias\/regala-belleza-bienestar-dia-la-madre\/","title":{"rendered":"REGALA BELLEZA Y BIENESTAR EN EL D\u00cdA DE LA MADRE"},"content":{"rendered":"<div  class='avia-image-container  av-styling-    avia-builder-el-0  el_before_av_heading  avia-builder-el-first  avia-align-center '  itemprop=\"image\" itemscope=\"itemscope\" itemtype=\"https:\/\/schema.org\/ImageObject\"  ><div class='avia-image-container-inner'><div class='avia-image-overlay-wrap'><img decoding=\"async\" class='wp-image-4294 avia-img-lazy-loading-not-4294 avia_image' src=\"https:\/\/www.yvettepons.com\/noticias\/wp-content\/uploads\/2019\/04\/Copia-de-Copia-de-Copia-de-xecs-regal-4-495x400.png\" alt='' title='Copia de Copia de Copia de xecs regal-4' height=\"400\" width=\"495\"  itemprop=\"thumbnailUrl\" srcset=\"https:\/\/www.yvettepons.com\/noticias\/wp-content\/uploads\/2019\/04\/Copia-de-Copia-de-Copia-de-xecs-regal-4-495x400.png 495w, https:\/\/www.yvettepons.com\/noticias\/wp-content\/uploads\/2019\/04\/Copia-de-Copia-de-Copia-de-xecs-regal-4-845x684.png 845w\" sizes=\"(max-width: 495px) 100vw, 495px\" \/><\/div><\/div><\/div>\n<div  style='padding-bottom:10px; font-size:24px;' class='av-special-heading av-special-heading-h1  blockquote modern-quote modern-centered  avia-builder-el-1  el_after_av_image  el_before_av_hr  av-inherit-size '><h1 class='av-special-heading-tag '  itemprop=\"headline\"  >5 DE MAYO, D\u00cdA DE LA MADRE<\/h1><div class ='av-subheading av-subheading_below  ' style='font-size:17px;'><p> Encuentra el mejor regalo para la persona que m\u00e1s quieres<\/p>\n<\/div><div class='special-heading-border'><div class='special-heading-inner-border' ><\/div><\/div><\/div>\n<div   class='hr hr-default   avia-builder-el-2  el_after_av_heading  el_before_av_textblock '><span class='hr-inner ' ><span class='hr-inner-style'><\/span><\/span><\/div>\n<section class=\"av_textblock_section \"  itemscope=\"itemscope\" itemtype=\"https:\/\/schema.org\/BlogPosting\" itemprop=\"blogPost\" ><div class='avia_textblock  '   itemprop=\"text\" ><p style=\"text-align: justify;\"><span style=\"font-family: helvetica, arial, sans-serif; color: #000000;\">En el Instituto de Est\u00e9tica\u00a0Yvette\u00a0Pons nos gusta innovar\u00a0y formarnos de manera continuada para poder\u00a0trabajar con los mejores tratamientos, por este motivo te podemos ofrecer una amplia variedad de tratamientos y rituales corporales que encajan en todos los presupuestos.<\/span><\/p>\n<p style=\"text-align: justify;\"><span style=\"font-family: helvetica, arial, sans-serif; color: #000000;\">Nuestro centro cuenta con unas modernas instalaciones que incluyen SPA, sala de vapor, sala para tratamientos capilares y mucho m\u00e1s&#8230;<\/span><\/p>\n<p style=\"text-align: justify;\"><span style=\"font-family: helvetica, arial, sans-serif; color: #000000;\">Te ofrecemos las \u00faltimas tecnolog\u00edas y aparatolog\u00eda est\u00e9tica para tratamientos higienizantes, de remodelaci\u00f3n corporal y\u00a0facial, as\u00ed como\u00a0tonificaci\u00f3n y tratamiento de los signos de envejecimiento, junto con la experiencia y profesionalidad de todo el equipo de esteticistas y m\u00e9dicos.<\/span><\/p>\n<p style=\"text-align: justify;\"><span style=\"font-family: helvetica, arial, sans-serif; color: #000000;\">Para celebrar el d\u00eda de la madre\u00a0te damos la posibilidad de que sorprendas a tu madre o pareja con nuestros cheques regalo.\u00a0<\/span><\/p>\n<p style=\"text-align: justify;\"><span id=\"result_box\" class=\"\" lang=\"es\" style=\"font-family: helvetica, arial, sans-serif; color: #000000;\"><span class=\"hps\">Regalar<\/span> <span class=\"hps\">Yvette<\/span> <span class=\"hps\">Pons es<\/span> <span class=\"hps\">regalar<\/span> <span class=\"hps\">lujo<\/span> <span class=\"hps\">y calidad.<\/span> <span class=\"hps\">El instituto<\/span> <span class=\"hps\">dispone de un espacio<\/span> <span class=\"hps\">spa<\/span> <span class=\"hps\">donde realizamos<\/span> <span class=\"hps\">tratamientos<\/span> <span class=\"hps\">relajantes<\/span> <span class=\"hps\">tanto<\/span> <span class=\"hps\">faciales<\/span> <span class=\"hps\">como\u00a0<\/span><span class=\"hps\">corporales,<\/span> <span class=\"hps\">con<\/span> <span class=\"hps\">toda<\/span> <span class=\"hps\">la exquisitez<\/span> <span class=\"hps\">que nos caracteriza.<\/span><\/span><\/p>\n<p style=\"text-align: justify;\"><strong><span style=\"font-family: helvetica, arial, sans-serif; color: #000000;\"><span class=\"hps\">Nuestros<\/span> <span class=\"hps\">rituales<\/span> <span class=\"hps\">son<\/span> <span class=\"hps\">exclusivos y<\/span> <span class=\"hps\">marcan<\/span> <span class=\"hps\">la diferencia.<\/span><\/span><\/strong><\/p>\n<p style=\"text-align: justify;\"><span style=\"font-family: helvetica, arial, sans-serif; color: #000000;\"><span class=\"hps\">Tenemos<\/span> <span class=\"hps\">diferentes<\/span> <span class=\"hps\">circuitos<\/span> <span class=\"hps\">en los<\/span> <span class=\"hps\">que combinamos<\/span> <span class=\"hps\">aceites,<\/span> <span class=\"hps\">aromas<\/span>, masajes, <span class=\"hps\">vapores<\/span>, aguas, <span class=\"hps\">envoltorios<\/span>, flores, velas, <span class=\"hps\">piedras<\/span> <span class=\"hps\">preciosas,\u00a0<\/span><span class=\"hps\">fragancias<\/span>, texturas, aromas, <span class=\"hps\">m\u00fasica, etc<\/span> <span class=\"hps\">\u2026<\/span>, inspirados <span class=\"hps\">en los<\/span> <span class=\"hps\">pa\u00edses<\/span> <span class=\"hps\">m\u00e1s\u00a0<\/span><span class=\"hps\">ex\u00f3ticos<\/span> <span class=\"hps\">del mundo.<\/span><\/span><\/p>\n<p style=\"text-align: justify;\"><span style=\"font-family: helvetica, arial, sans-serif; color: #000000;\"><span class=\"hps\">Te lo<\/span> <span class=\"hps\">presentamos<\/span> <span class=\"hps\">con un bonito<\/span> <span class=\"hps\">envoltorio<\/span> <span class=\"hps\">para<\/span> <span class=\"hps\">regalo.<\/span><\/span><\/p>\n<p style=\"text-align: justify;\"><span style=\"font-family: helvetica, arial, sans-serif; color: #000000;\"><strong><span class=\"hps\">Encontrar\u00e1s<\/span> <span class=\"hps\">rituales<\/span> <span class=\"hps\">de diferentes<\/span> <span class=\"hps\">precios,<\/span> <span class=\"hps\">pero siempre<\/span> <span class=\"hps\">nos<\/span> <span class=\"hps\">adaptamos\u00a0<\/span><span class=\"hps\">a tu presupuesto<\/span> <span class=\"hps\">personalizando<\/span> <span class=\"hps\">un circuito<\/span> <span class=\"hps\">especialmente para<\/span> <span class=\"hps\">tus necesidades.<\/span><\/strong><\/span><\/p>\n<\/div><\/section>\n<div   data-autoplay='false'  data-interval='5'  data-animation='slide'  data-show_slide_delay='30'  class='avia-content-slider-element-container avia-content-slider-element-slider avia-content-slider avia-smallarrow-slider avia-content-slider-active avia-content-slider1 avia-content-slider-odd  avia-builder-el-4  el_after_av_textblock  el_before_av_textblock  ' ><div class='avia-smallarrow-slider-heading  no-content-slider-heading '><div class='new-special-heading'>&nbsp;<\/div><div class='avia-slideshow-arrows avia-slideshow-controls'><a href='#prev' class='prev-slide' aria-hidden='true' data-av_icon='\ue87c' data-av_iconfont='entypo-fontello'>Anterior<\/a><a href='#next' class='next-slide' aria-hidden='true' data-av_icon='\ue87d' data-av_iconfont='entypo-fontello'>Posterior<\/a><\/div><\/div><div class='avia-content-slider-inner'><div class='slide-entry-wrap'><section class='slide-entry flex_column post-entry slide-entry-overview slide-loop-1 slide-parity-odd  av_fullwidth first'  itemscope=\"itemscope\" itemtype=\"https:\/\/schema.org\/BlogPosting\" itemprop=\"blogPost\" ><h3 class='slide-entry-title entry-title '  itemprop=\"headline\" >RITUAL MAJESTUOSO<\/h3><div class='slide-entry-excerpt entry-content'  itemprop=\"text\" ><p> <img loading=\"lazy\" decoding=\"async\" class=\"aligncenter size-portfolio wp-image-4279\" src=\"http:\/\/www.yvettepons.com\/noticias\/wp-content\/uploads\/2019\/04\/Copia-de-Copia-de-19-de-mar\u00e7-dia-del-pare-2-495x400.png\" alt=\"\" width=\"495\" height=\"400\" srcset=\"https:\/\/www.yvettepons.com\/noticias\/wp-content\/uploads\/2019\/04\/Copia-de-Copia-de-19-de-mar\u00e7-dia-del-pare-2-495x400.png 495w, https:\/\/www.yvettepons.com\/noticias\/wp-content\/uploads\/2019\/04\/Copia-de-Copia-de-19-de-mar\u00e7-dia-del-pare-2-845x684.png 845w\" sizes=\"auto, (max-width: 495px) 100vw, 495px\" \/><\/p>\n<p style=\"text-align: justify;\"><span style=\"font-family: helvetica, arial, sans-serif; color: #000000;\">Complet\u00edsimo tratamiento anti-age que combina cosm\u00e9tica biol\u00f3gica con t\u00e9cnicas manuales reafirmantes y aparatos avanzados. El resultado es el de una piel luminosa, hidratada y tonificada.<\/span><\/p>\n<\/div><\/section><\/div><div class='slide-entry-wrap'><section class='slide-entry flex_column post-entry slide-entry-overview slide-loop-2 slide-parity-odd  av_fullwidth first'  itemscope=\"itemscope\" itemtype=\"https:\/\/schema.org\/BlogPosting\" itemprop=\"blogPost\" ><h3 class='slide-entry-title entry-title '  itemprop=\"headline\" >RITUAL COMPLET INTEGRITY<\/h3><div class='slide-entry-excerpt entry-content'  itemprop=\"text\" ><p> <img loading=\"lazy\" decoding=\"async\" class=\"aligncenter size-portfolio wp-image-4281\" src=\"http:\/\/www.yvettepons.com\/noticias\/wp-content\/uploads\/2019\/04\/Copia-de-Copia-de-The-Smiths-Yard-Sale-2-495x400.png\" alt=\"\" width=\"495\" height=\"400\" srcset=\"https:\/\/www.yvettepons.com\/noticias\/wp-content\/uploads\/2019\/04\/Copia-de-Copia-de-The-Smiths-Yard-Sale-2-495x400.png 495w, https:\/\/www.yvettepons.com\/noticias\/wp-content\/uploads\/2019\/04\/Copia-de-Copia-de-The-Smiths-Yard-Sale-2-845x684.png 845w\" sizes=\"auto, (max-width: 495px) 100vw, 495px\" \/><\/p>\n<p style=\"text-align: justify;\"><span style=\"font-family: helvetica, arial, sans-serif; color: #000000;\"><span class=\"hps\">Con este completo ritual sentir\u00e1s<\/span> <span class=\"hps\">que<\/span> <span class=\"hps\">flotas<\/span>. <span class=\"hps\">Complet Integrity<\/span>\u00a0<span class=\"hps\">es un ritual<\/span> <span class=\"hps\">que te ayudar\u00e1 a<\/span> <span class=\"hps\">adaptarte los<\/span><span class=\"hps\">\u00a0cambios, que suponen estr\u00e9s.<\/span> <span class=\"hps\">Te ofrecemos<\/span> <span class=\"hps\">una combinaci\u00f3n<\/span> <span class=\"hps\">en sinergia<\/span> <span class=\"hps\">de un tratamiento<\/span> <span class=\"hps\">de ox\u00edgeno<\/span> <span class=\"hps\">facial y<\/span> <span class=\"hps\">un masaje<\/span> <span class=\"hps\">defatigante<\/span> <span class=\"hps\">revitalizante<\/span> <span class=\"hps\">corporal.<\/span> <span class=\"hps\">Todo<\/span> <span class=\"hps\">lo que necesitas para<\/span> <span class=\"hps\">llenarte<\/span> <span class=\"hps\">de energ\u00eda<\/span> <span class=\"hps\">y sentir la<\/span> <span class=\"hps\">sensaci\u00f3n<\/span> <span class=\"hps\">de una<\/span> <span class=\"hps\">fresca y<\/span> <span class=\"hps\">ligera brisa<\/span> <span class=\"hps\">que te<\/span> <span class=\"hps\">revitalizar\u00e1<\/span> <span class=\"hps\">por dentro.<\/span><\/span><\/p>\n<\/div><\/section><\/div><div class='slide-entry-wrap'><section class='slide-entry flex_column post-entry slide-entry-overview slide-loop-3 slide-parity-odd  av_fullwidth first'  itemscope=\"itemscope\" itemtype=\"https:\/\/schema.org\/BlogPosting\" itemprop=\"blogPost\" ><h3 class='slide-entry-title entry-title '  itemprop=\"headline\" >RITUAL AIRE Y LUZ<\/h3><div class='slide-entry-excerpt entry-content'  itemprop=\"text\" ><p> <img loading=\"lazy\" decoding=\"async\" class=\"aligncenter size-portfolio wp-image-4285\" src=\"http:\/\/www.yvettepons.com\/noticias\/wp-content\/uploads\/2019\/04\/Copia-de-Copia-de-Clearance-Yard-Sale-495x400.png\" alt=\"\" width=\"495\" height=\"400\" srcset=\"https:\/\/www.yvettepons.com\/noticias\/wp-content\/uploads\/2019\/04\/Copia-de-Copia-de-Clearance-Yard-Sale-495x400.png 495w, https:\/\/www.yvettepons.com\/noticias\/wp-content\/uploads\/2019\/04\/Copia-de-Copia-de-Clearance-Yard-Sale-845x684.png 845w\" sizes=\"auto, (max-width: 495px) 100vw, 495px\" \/><\/p>\n<p style=\"text-align: justify;\"><span style=\"font-family: helvetica, arial, sans-serif; color: #000000;\"><span class=\"hps\">Ritual que<\/span> <span class=\"hps\">te har\u00e1 sentir<\/span> <span class=\"hps\">un torbellino<\/span> <span class=\"hps\">de sensaciones<\/span> <span class=\"hps\">sutiles,<\/span> <span class=\"hps\">frescas y<\/span> <span class=\"hps\">a\u00e9reas<\/span>. <span class=\"hps\">En el Ritual de Aire y Luz,<\/span>\u00a0<span class=\"hps\">con<\/span> <span class=\"hps\">aceite<\/span> <span class=\"hps\">de algod\u00f3n<\/span> <span class=\"hps\">pulir\u00e1n<\/span> <span class=\"hps\">delicadamente<\/span> <span class=\"hps\">tu cuerpo<\/span> <span class=\"hps\">y\u00a0<\/span><span class=\"hps\">desintoxicar\u00e1n<\/span>\u00a0<span class=\"hps\">tu piel.<\/span> <span class=\"hps\">Seguidamente<\/span> <span class=\"hps\">te envolveremos<\/span>\u00a0<span class=\"hps\">con<\/span> <span class=\"hps\">una m\u00e1scara de<\/span> <span class=\"hps\">Buddleja<\/span> <span class=\"hps\">los Alpes<\/span> <span class=\"hps\">y t\u00e9<\/span>\u00a0<span class=\"hps\">blanco<\/span> <span class=\"hps\">de Fujian<\/span> <span class=\"hps\">para conseguir una<\/span> <span class=\"hps\">piel<\/span> <span class=\"hps\">fresca y<\/span> <span class=\"hps\">estimulada.\u00a0<\/span><span class=\"hps\">Finalizaremos<\/span> <span class=\"hps\">con<\/span> <span class=\"hps\">un masaje<\/span> <span class=\"hps\">de aceite<\/span> <span class=\"hps\">con<\/span> <span class=\"hps\">perfume<\/span> <span class=\"hps\">de plantas<\/span> <span class=\"hps\">purificantes<\/span> <span class=\"hps\">y<\/span> <span class=\"hps\">centella<\/span> <span class=\"hps\">asi\u00e1tica<\/span> <span class=\"hps\">para dar<\/span> <span class=\"hps\">un efecto de<\/span> <span class=\"hps\">calor<\/span> <span class=\"hps\">inmediato y<\/span> <span class=\"hps\">una piel<\/span> <span class=\"hps\">tonificada<\/span>, junto con las <span class=\"hps\">caricias<\/span> <span class=\"hps\">de suaves<\/span> <span class=\"hps\">pinceles<\/span> <span class=\"hps\">que<\/span> <span class=\"hps\">deslizaremos<\/span> <span class=\"hps\">por<\/span> <span class=\"hps\">todo el cuerpo.<\/span><\/span><\/p>\n<\/div><\/section><\/div><div class='slide-entry-wrap'><section class='slide-entry flex_column post-entry slide-entry-overview slide-loop-4 slide-parity-odd  post-entry-last  av_fullwidth first'  itemscope=\"itemscope\" itemtype=\"https:\/\/schema.org\/BlogPosting\" itemprop=\"blogPost\" ><h3 class='slide-entry-title entry-title '  itemprop=\"headline\" >RITUAL MANOS MAJESTUOSAS<\/h3><div class='slide-entry-excerpt entry-content'  itemprop=\"text\" ><p> <img loading=\"lazy\" decoding=\"async\" class=\"aligncenter size-portfolio wp-image-4287\" src=\"http:\/\/www.yvettepons.com\/noticias\/wp-content\/uploads\/2019\/04\/Copia-de-Copia-de-Cruzamos-el-infinito-a-cada-paso-nos-encontramos-con-la-eternidad-en-cada-segundo.-2-495x400.png\" alt=\"\" width=\"495\" height=\"400\" srcset=\"https:\/\/www.yvettepons.com\/noticias\/wp-content\/uploads\/2019\/04\/Copia-de-Copia-de-Cruzamos-el-infinito-a-cada-paso-nos-encontramos-con-la-eternidad-en-cada-segundo.-2-495x400.png 495w, https:\/\/www.yvettepons.com\/noticias\/wp-content\/uploads\/2019\/04\/Copia-de-Copia-de-Cruzamos-el-infinito-a-cada-paso-nos-encontramos-con-la-eternidad-en-cada-segundo.-2-845x684.png 845w\" sizes=\"auto, (max-width: 495px) 100vw, 495px\" \/><\/p>\n<p style=\"text-align: justify;\"><span style=\"font-family: helvetica, arial, sans-serif; color: #000000;\">Tratamiento de manos y antebrazos, a base de zumo de plantas y pulpa de frutas. Suavidad y finura para\u00a0una piel nutrida en profundidad. Si se solicita se puede complementar con manicura.<\/span><\/p>\n<\/div><\/section><\/div><\/div><\/div>\n<section class=\"av_textblock_section \"  itemscope=\"itemscope\" itemtype=\"https:\/\/schema.org\/BlogPosting\" itemprop=\"blogPost\" ><div class='avia_textblock  '   itemprop=\"text\" ><p style=\"text-align: justify;\"><span style=\"font-family: helvetica, arial, sans-serif;\">No dudes en ponerte en contacto con el Instituto para resolver todas tus dudas o pedir informaci\u00f3n concreta acerca de nuestros tratamientos.<\/span><\/p>\n<\/div><\/section>\n\n<section class=\"av_textblock_section \"  itemscope=\"itemscope\" itemtype=\"https:\/\/schema.org\/BlogPosting\" itemprop=\"blogPost\" ><div class='avia_textblock  '   itemprop=\"text\" ><p> <img loading=\"lazy\" decoding=\"async\" class=\"wp-image-3953 aligncenter\" src=\"http:\/\/www.yvettepons.com\/noticias\/wp-content\/uploads\/2019\/02\/l2.png\" alt=\"\" width=\"302\" height=\"117\" srcset=\"https:\/\/www.yvettepons.com\/noticias\/wp-content\/uploads\/2019\/02\/l2.png 400w, https:\/\/www.yvettepons.com\/noticias\/wp-content\/uploads\/2019\/02\/l2-300x116.png 300w\" sizes=\"auto, (max-width: 302px) 100vw, 302px\" \/><\/p>\n<p><span style=\"color: #000000;\"><strong><span style=\"font-family: helvetica, arial, sans-serif;\">Pide informaci\u00f3n sin compromiso:<\/span><\/strong><\/span><\/p>\n<p><span style=\"font-family: helvetica, arial, sans-serif; color: #000000;\"><strong>Tel. 93 804 62 02<\/strong>\u00a0<\/span><br \/>\n <span style=\"color: #000000;\"> <a style=\"color: #000000;\" href=\"mailto:info@yvettepons.com\"><span style=\"font-family: helvetica, arial, sans-serif;\">info@yvettepons.com<\/span><\/a><\/span><\/p>\n<p><span style=\"font-family: helvetica, arial, sans-serif; color: #000000;\">Sant Mart\u00ed de Tous, 37\u00a0<\/span><br \/>\n <span style=\"font-family: helvetica, arial, sans-serif; color: #000000;\"> 08700 Igualada, Barcelona<\/span><\/p>\n<\/div><\/section>\n<div   data-autoplay=''  data-interval='5'  data-animation='fade'  data-show_slide_delay='90'  class='avia-content-slider avia-content-slider-active avia-content-slider1 avia-content-slider-odd  avia-builder-el-8  el_after_av_textblock  avia-builder-el-last  '  itemscope=\"itemscope\" itemtype=\"https:\/\/schema.org\/Blog\" ><div class='avia-content-slider-inner'><div class='slide-entry-wrap'><article class='slide-entry flex_column  post-entry post-entry-5455 slide-entry-overview slide-loop-1 slide-parity-odd  av_one_third first real-thumbnail post-format-standard'  itemscope=\"itemscope\" itemtype=\"https:\/\/schema.org\/BlogPosting\" itemprop=\"blogPost\" ><a href='https:\/\/www.yvettepons.com\/noticias\/belleza-y-ciencia-como-los-ingredientes-naturales-transforman-tu-piel\/' data-rel='slide-1' class='slide-image' title='Belleza y Ciencia: C\u00f3mo los Ingredientes Naturales Transforman tu Piel'><img decoding=\"async\" width=\"495\" height=\"400\" src=\"https:\/\/www.yvettepons.com\/noticias\/wp-content\/uploads\/2025\/05\/Belleza-y-Ciencia-Como-los-Ingredientes-Naturales-Transforman-tu-Piel-Yvette-Pons-495x400.jpg\" class=\"wp-image-5456 avia-img-lazy-loading-not-5456 attachment-portfolio size-portfolio wp-post-image\" alt=\"\" srcset=\"https:\/\/www.yvettepons.com\/noticias\/wp-content\/uploads\/2025\/05\/Belleza-y-Ciencia-Como-los-Ingredientes-Naturales-Transforman-tu-Piel-Yvette-Pons-495x400.jpg 495w, https:\/\/www.yvettepons.com\/noticias\/wp-content\/uploads\/2025\/05\/Belleza-y-Ciencia-Como-los-Ingredientes-Naturales-Transforman-tu-Piel-Yvette-Pons-845x684.jpg 845w\" sizes=\"(max-width: 495px) 100vw, 495px\" \/><\/a><div class='slide-content'><header class=\"entry-content-header\"><span class=\"blog-categories minor-meta\"><a href=\"https:\/\/www.yvettepons.com\/noticias\/category\/consejos\/\" rel=\"tag\">Consejos<\/a>, <a href=\"https:\/\/www.yvettepons.com\/noticias\/category\/news\/\" rel=\"tag\">Noticias<\/a>, <a href=\"https:\/\/www.yvettepons.com\/noticias\/category\/personal\/\" rel=\"tag\">Personal<\/a> <\/span><h3 class='slide-entry-title entry-title '  itemprop=\"headline\" ><a href='https:\/\/www.yvettepons.com\/noticias\/belleza-y-ciencia-como-los-ingredientes-naturales-transforman-tu-piel\/' title='Belleza y Ciencia: C\u00f3mo los Ingredientes Naturales Transforman tu Piel'>Belleza y Ciencia: C\u00f3mo los Ingredientes Naturales Transforman tu Piel<\/a><\/h3><span class=\"av-vertical-delimiter\"><\/span><\/header><\/div><footer class=\"entry-footer\"><\/footer><span class='hidden'>\n\t\t\t\t<span class='av-structured-data'  itemprop=\"image\" itemscope=\"itemscope\" itemtype=\"https:\/\/schema.org\/ImageObject\" >\n\t\t\t\t\t\t<span itemprop='url'>https:\/\/www.yvettepons.com\/noticias\/wp-content\/uploads\/2025\/05\/Belleza-y-Ciencia-Como-los-Ingredientes-Naturales-Transforman-tu-Piel-Yvette-Pons.jpg<\/span>\n\t\t\t\t\t\t<span itemprop='height'>1226<\/span>\n\t\t\t\t\t\t<span itemprop='width'>1228<\/span>\n\t\t\t\t<\/span>\n\t\t\t\t<span class='av-structured-data'  itemprop=\"publisher\" itemtype=\"https:\/\/schema.org\/Organization\" itemscope=\"itemscope\" >\n\t\t\t\t\t\t<span itemprop='name'>yvette<\/span>\n\t\t\t\t\t\t<span itemprop='logo' itemscope itemtype='https:\/\/schema.org\/ImageObject'>\n\t\t\t\t\t\t\t<span itemprop='url'>http:\/\/www.yvettepons.com\/noticias\/wp-content\/uploads\/2022\/09\/XX-1030x567.png<\/span>\n\t\t\t\t\t\t <\/span>\n\t\t\t\t<\/span><span class='av-structured-data'  itemprop=\"author\" itemscope=\"itemscope\" itemtype=\"https:\/\/schema.org\/Person\" ><span itemprop='name'>yvette<\/span><\/span><span class='av-structured-data'  itemprop=\"datePublished\" datetime=\"2019-04-26T09:43:48+02:00\" >2025-05-14 10:19:35<\/span><span class='av-structured-data'  itemprop=\"dateModified\" itemtype=\"https:\/\/schema.org\/dateModified\" >2025-05-14 10:19:35<\/span><span class='av-structured-data'  itemprop=\"mainEntityOfPage\" itemtype=\"https:\/\/schema.org\/mainEntityOfPage\" ><span itemprop='name'>Belleza y Ciencia: C\u00f3mo los Ingredientes Naturales Transforman tu Piel<\/span><\/span><\/span><\/article><article class='slide-entry flex_column  post-entry post-entry-5437 slide-entry-overview slide-loop-2 slide-parity-even  av_one_third  real-thumbnail post-format-standard'  itemscope=\"itemscope\" itemtype=\"https:\/\/schema.org\/BlogPosting\" itemprop=\"blogPost\" ><a href='https:\/\/www.yvettepons.com\/noticias\/el-ano-de-yvette-pons-bienestar-innovacion-y-gratitud\/' data-rel='slide-1' class='slide-image' title='El A\u00f1o de Yvette Pons: Bienestar, Innovaci\u00f3n y Gratitud'><img decoding=\"async\" width=\"495\" height=\"400\" src=\"https:\/\/www.yvettepons.com\/noticias\/wp-content\/uploads\/2024\/12\/yvette-pons-desemnbre-495x400.jpg\" class=\"wp-image-5438 avia-img-lazy-loading-not-5438 attachment-portfolio size-portfolio wp-post-image\" alt=\"\" srcset=\"https:\/\/www.yvettepons.com\/noticias\/wp-content\/uploads\/2024\/12\/yvette-pons-desemnbre-495x400.jpg 495w, https:\/\/www.yvettepons.com\/noticias\/wp-content\/uploads\/2024\/12\/yvette-pons-desemnbre-845x684.jpg 845w\" sizes=\"(max-width: 495px) 100vw, 495px\" \/><\/a><div class='slide-content'><header class=\"entry-content-header\"><span class=\"blog-categories minor-meta\"><a href=\"https:\/\/www.yvettepons.com\/noticias\/category\/actualitat\/\" rel=\"tag\">Actualidad<\/a>, <a href=\"https:\/\/www.yvettepons.com\/noticias\/category\/news\/\" rel=\"tag\">Noticias<\/a>, <a href=\"https:\/\/www.yvettepons.com\/noticias\/category\/personal\/\" rel=\"tag\">Personal<\/a> <\/span><h3 class='slide-entry-title entry-title '  itemprop=\"headline\" ><a href='https:\/\/www.yvettepons.com\/noticias\/el-ano-de-yvette-pons-bienestar-innovacion-y-gratitud\/' title='El A\u00f1o de Yvette Pons: Bienestar, Innovaci\u00f3n y Gratitud'>El A\u00f1o de Yvette Pons: Bienestar, Innovaci\u00f3n y Gratitud<\/a><\/h3><span class=\"av-vertical-delimiter\"><\/span><\/header><\/div><footer class=\"entry-footer\"><\/footer><span class='hidden'>\n\t\t\t\t<span class='av-structured-data'  itemprop=\"image\" itemscope=\"itemscope\" itemtype=\"https:\/\/schema.org\/ImageObject\" >\n\t\t\t\t\t\t<span itemprop='url'>https:\/\/www.yvettepons.com\/noticias\/wp-content\/uploads\/2024\/12\/yvette-pons-desemnbre.jpg<\/span>\n\t\t\t\t\t\t<span itemprop='height'>1580<\/span>\n\t\t\t\t\t\t<span itemprop='width'>1075<\/span>\n\t\t\t\t<\/span>\n\t\t\t\t<span class='av-structured-data'  itemprop=\"publisher\" itemtype=\"https:\/\/schema.org\/Organization\" itemscope=\"itemscope\" >\n\t\t\t\t\t\t<span itemprop='name'>yvette<\/span>\n\t\t\t\t\t\t<span itemprop='logo' itemscope itemtype='https:\/\/schema.org\/ImageObject'>\n\t\t\t\t\t\t\t<span itemprop='url'>http:\/\/www.yvettepons.com\/noticias\/wp-content\/uploads\/2022\/09\/XX-1030x567.png<\/span>\n\t\t\t\t\t\t <\/span>\n\t\t\t\t<\/span><span class='av-structured-data'  itemprop=\"author\" itemscope=\"itemscope\" itemtype=\"https:\/\/schema.org\/Person\" ><span itemprop='name'>yvette<\/span><\/span><span class='av-structured-data'  itemprop=\"datePublished\" datetime=\"2019-04-26T09:43:48+02:00\" >2024-12-17 11:20:20<\/span><span class='av-structured-data'  itemprop=\"dateModified\" itemtype=\"https:\/\/schema.org\/dateModified\" >2024-12-17 11:20:20<\/span><span class='av-structured-data'  itemprop=\"mainEntityOfPage\" itemtype=\"https:\/\/schema.org\/mainEntityOfPage\" ><span itemprop='name'>El A\u00f1o de Yvette Pons: Bienestar, Innovaci\u00f3n y Gratitud<\/span><\/span><\/span><\/article><article class='slide-entry flex_column  post-entry post-entry-5431 slide-entry-overview slide-loop-3 slide-parity-odd  av_one_third  real-thumbnail post-format-standard'  itemscope=\"itemscope\" itemtype=\"https:\/\/schema.org\/BlogPosting\" itemprop=\"blogPost\" ><a href='https:\/\/www.yvettepons.com\/noticias\/inflammassaging-el-metodo-que-revoluciona-el-cuidado-del-cuerpo\/' data-rel='slide-1' class='slide-image' title='INFLAMMASSAGING\u00ae. El M\u00e9todo que Revoluciona el Cuidado del Cuerpo'><img decoding=\"async\" width=\"495\" height=\"400\" src=\"https:\/\/www.yvettepons.com\/noticias\/wp-content\/uploads\/2024\/11\/Entrada_Blog_Novembre-495x400.jpg\" class=\"wp-image-5432 avia-img-lazy-loading-not-5432 attachment-portfolio size-portfolio wp-post-image\" alt=\"\" srcset=\"https:\/\/www.yvettepons.com\/noticias\/wp-content\/uploads\/2024\/11\/Entrada_Blog_Novembre-495x400.jpg 495w, https:\/\/www.yvettepons.com\/noticias\/wp-content\/uploads\/2024\/11\/Entrada_Blog_Novembre-845x684.jpg 845w\" sizes=\"(max-width: 495px) 100vw, 495px\" \/><\/a><div class='slide-content'><header class=\"entry-content-header\"><span class=\"blog-categories minor-meta\"><a href=\"https:\/\/www.yvettepons.com\/noticias\/category\/actualitat\/\" rel=\"tag\">Actualidad<\/a>, <a href=\"https:\/\/www.yvettepons.com\/noticias\/category\/news\/\" rel=\"tag\">Noticias<\/a>, <a href=\"https:\/\/www.yvettepons.com\/noticias\/category\/salud\/\" rel=\"tag\">Salud<\/a> <\/span><h3 class='slide-entry-title entry-title '  itemprop=\"headline\" ><a href='https:\/\/www.yvettepons.com\/noticias\/inflammassaging-el-metodo-que-revoluciona-el-cuidado-del-cuerpo\/' title='INFLAMMASSAGING\u00ae. El M\u00e9todo que Revoluciona el Cuidado del Cuerpo'>INFLAMMASSAGING\u00ae. El M\u00e9todo que Revoluciona el Cuidado del Cuerpo<\/a><\/h3><span class=\"av-vertical-delimiter\"><\/span><\/header><\/div><footer class=\"entry-footer\"><\/footer><span class='hidden'>\n\t\t\t\t<span class='av-structured-data'  itemprop=\"image\" itemscope=\"itemscope\" itemtype=\"https:\/\/schema.org\/ImageObject\" >\n\t\t\t\t\t\t<span itemprop='url'>https:\/\/www.yvettepons.com\/noticias\/wp-content\/uploads\/2024\/11\/Entrada_Blog_Novembre.jpg<\/span>\n\t\t\t\t\t\t<span itemprop='height'>1000<\/span>\n\t\t\t\t\t\t<span itemprop='width'>956<\/span>\n\t\t\t\t<\/span>\n\t\t\t\t<span class='av-structured-data'  itemprop=\"publisher\" itemtype=\"https:\/\/schema.org\/Organization\" itemscope=\"itemscope\" >\n\t\t\t\t\t\t<span itemprop='name'>yvette<\/span>\n\t\t\t\t\t\t<span itemprop='logo' itemscope itemtype='https:\/\/schema.org\/ImageObject'>\n\t\t\t\t\t\t\t<span itemprop='url'>http:\/\/www.yvettepons.com\/noticias\/wp-content\/uploads\/2022\/09\/XX-1030x567.png<\/span>\n\t\t\t\t\t\t <\/span>\n\t\t\t\t<\/span><span class='av-structured-data'  itemprop=\"author\" itemscope=\"itemscope\" itemtype=\"https:\/\/schema.org\/Person\" ><span itemprop='name'>yvette<\/span><\/span><span class='av-structured-data'  itemprop=\"datePublished\" datetime=\"2019-04-26T09:43:48+02:00\" >2024-11-18 16:57:18<\/span><span class='av-structured-data'  itemprop=\"dateModified\" itemtype=\"https:\/\/schema.org\/dateModified\" >2024-11-18 16:59:47<\/span><span class='av-structured-data'  itemprop=\"mainEntityOfPage\" itemtype=\"https:\/\/schema.org\/mainEntityOfPage\" ><span itemprop='name'>INFLAMMASSAGING\u00ae. El M\u00e9todo que Revoluciona el Cuidado del Cuerpo<\/span><\/span><\/span><\/article><\/div><div class='slide-entry-wrap'><article class='slide-entry flex_column  post-entry post-entry-5427 slide-entry-overview slide-loop-4 slide-parity-odd  av_one_third first real-thumbnail post-format-standard'  itemscope=\"itemscope\" itemtype=\"https:\/\/schema.org\/BlogPosting\" itemprop=\"blogPost\" ><a href='https:\/\/www.yvettepons.com\/noticias\/la-ciencia-detras-del-fenomeno-de-los-suenos-lucidos\/' data-rel='slide-1' class='slide-image' title='La Ciencia Detr\u00e1s del Fen\u00f3meno de los Sue\u00f1os L\u00facidos'><img decoding=\"async\" width=\"495\" height=\"400\" src=\"https:\/\/www.yvettepons.com\/noticias\/wp-content\/uploads\/2024\/10\/blog-octubre-YP-495x400.jpg\" class=\"wp-image-5428 avia-img-lazy-loading-not-5428 attachment-portfolio size-portfolio wp-post-image\" alt=\"\" srcset=\"https:\/\/www.yvettepons.com\/noticias\/wp-content\/uploads\/2024\/10\/blog-octubre-YP-495x400.jpg 495w, https:\/\/www.yvettepons.com\/noticias\/wp-content\/uploads\/2024\/10\/blog-octubre-YP-845x684.jpg 845w\" sizes=\"(max-width: 495px) 100vw, 495px\" \/><\/a><div class='slide-content'><header class=\"entry-content-header\"><span class=\"blog-categories minor-meta\"><a href=\"https:\/\/www.yvettepons.com\/noticias\/category\/actualitat\/\" rel=\"tag\">Actualidad<\/a>, <a href=\"https:\/\/www.yvettepons.com\/noticias\/category\/news\/\" rel=\"tag\">Noticias<\/a> <\/span><h3 class='slide-entry-title entry-title '  itemprop=\"headline\" ><a href='https:\/\/www.yvettepons.com\/noticias\/la-ciencia-detras-del-fenomeno-de-los-suenos-lucidos\/' title='La Ciencia Detr\u00e1s del Fen\u00f3meno de los Sue\u00f1os L\u00facidos'>La Ciencia Detr\u00e1s del Fen\u00f3meno de los Sue\u00f1os L\u00facidos<\/a><\/h3><span class=\"av-vertical-delimiter\"><\/span><\/header><\/div><footer class=\"entry-footer\"><\/footer><span class='hidden'>\n\t\t\t\t<span class='av-structured-data'  itemprop=\"image\" itemscope=\"itemscope\" itemtype=\"https:\/\/schema.org\/ImageObject\" >\n\t\t\t\t\t\t<span itemprop='url'>https:\/\/www.yvettepons.com\/noticias\/wp-content\/uploads\/2024\/10\/blog-octubre-YP.jpg<\/span>\n\t\t\t\t\t\t<span itemprop='height'>1000<\/span>\n\t\t\t\t\t\t<span itemprop='width'>1000<\/span>\n\t\t\t\t<\/span>\n\t\t\t\t<span class='av-structured-data'  itemprop=\"publisher\" itemtype=\"https:\/\/schema.org\/Organization\" itemscope=\"itemscope\" >\n\t\t\t\t\t\t<span itemprop='name'>yvette<\/span>\n\t\t\t\t\t\t<span itemprop='logo' itemscope itemtype='https:\/\/schema.org\/ImageObject'>\n\t\t\t\t\t\t\t<span itemprop='url'>http:\/\/www.yvettepons.com\/noticias\/wp-content\/uploads\/2022\/09\/XX-1030x567.png<\/span>\n\t\t\t\t\t\t <\/span>\n\t\t\t\t<\/span><span class='av-structured-data'  itemprop=\"author\" itemscope=\"itemscope\" itemtype=\"https:\/\/schema.org\/Person\" ><span itemprop='name'>yvette<\/span><\/span><span class='av-structured-data'  itemprop=\"datePublished\" datetime=\"2019-04-26T09:43:48+02:00\" >2024-10-15 11:29:08<\/span><span class='av-structured-data'  itemprop=\"dateModified\" itemtype=\"https:\/\/schema.org\/dateModified\" >2024-10-15 11:29:16<\/span><span class='av-structured-data'  itemprop=\"mainEntityOfPage\" itemtype=\"https:\/\/schema.org\/mainEntityOfPage\" ><span itemprop='name'>La Ciencia Detr\u00e1s del Fen\u00f3meno de los Sue\u00f1os L\u00facidos<\/span><\/span><\/span><\/article><article class='slide-entry flex_column  post-entry post-entry-5384 slide-entry-overview slide-loop-5 slide-parity-even  av_one_third  real-thumbnail post-format-standard'  itemscope=\"itemscope\" itemtype=\"https:\/\/schema.org\/BlogPosting\" itemprop=\"blogPost\" ><a href='https:\/\/www.yvettepons.com\/noticias\/mercurio-retrogrado\/' data-rel='slide-1' class='slide-image' title='MERCURIO RETR\u00d3GRADO'><img decoding=\"async\" width=\"495\" height=\"400\" src=\"https:\/\/www.yvettepons.com\/noticias\/wp-content\/uploads\/2023\/11\/pexels-cottonbro-studio-5966337-495x400.jpg\" class=\"wp-image-5385 avia-img-lazy-loading-not-5385 attachment-portfolio size-portfolio wp-post-image\" alt=\"\" srcset=\"https:\/\/www.yvettepons.com\/noticias\/wp-content\/uploads\/2023\/11\/pexels-cottonbro-studio-5966337-495x400.jpg 495w, https:\/\/www.yvettepons.com\/noticias\/wp-content\/uploads\/2023\/11\/pexels-cottonbro-studio-5966337-845x684.jpg 845w\" sizes=\"(max-width: 495px) 100vw, 495px\" \/><\/a><div class='slide-content'><header class=\"entry-content-header\"><span class=\"blog-categories minor-meta\"><a href=\"https:\/\/www.yvettepons.com\/noticias\/category\/news\/\" rel=\"tag\">Noticias<\/a> <\/span><h3 class='slide-entry-title entry-title '  itemprop=\"headline\" ><a href='https:\/\/www.yvettepons.com\/noticias\/mercurio-retrogrado\/' title='MERCURIO RETR\u00d3GRADO'>MERCURIO RETR\u00d3GRADO<\/a><\/h3><span class=\"av-vertical-delimiter\"><\/span><\/header><\/div><footer class=\"entry-footer\"><\/footer><span class='hidden'>\n\t\t\t\t<span class='av-structured-data'  itemprop=\"image\" itemscope=\"itemscope\" itemtype=\"https:\/\/schema.org\/ImageObject\" >\n\t\t\t\t\t\t<span itemprop='url'>https:\/\/www.yvettepons.com\/noticias\/wp-content\/uploads\/2023\/11\/pexels-cottonbro-studio-5966337-scaled.jpg<\/span>\n\t\t\t\t\t\t<span itemprop='height'>2560<\/span>\n\t\t\t\t\t\t<span itemprop='width'>1707<\/span>\n\t\t\t\t<\/span>\n\t\t\t\t<span class='av-structured-data'  itemprop=\"publisher\" itemtype=\"https:\/\/schema.org\/Organization\" itemscope=\"itemscope\" >\n\t\t\t\t\t\t<span itemprop='name'>yvette<\/span>\n\t\t\t\t\t\t<span itemprop='logo' itemscope itemtype='https:\/\/schema.org\/ImageObject'>\n\t\t\t\t\t\t\t<span itemprop='url'>http:\/\/www.yvettepons.com\/noticias\/wp-content\/uploads\/2022\/09\/XX-1030x567.png<\/span>\n\t\t\t\t\t\t <\/span>\n\t\t\t\t<\/span><span class='av-structured-data'  itemprop=\"author\" itemscope=\"itemscope\" itemtype=\"https:\/\/schema.org\/Person\" ><span itemprop='name'>yvette<\/span><\/span><span class='av-structured-data'  itemprop=\"datePublished\" datetime=\"2019-04-26T09:43:48+02:00\" >2023-12-18 09:32:15<\/span><span class='av-structured-data'  itemprop=\"dateModified\" itemtype=\"https:\/\/schema.org\/dateModified\" >2023-11-14 13:53:49<\/span><span class='av-structured-data'  itemprop=\"mainEntityOfPage\" itemtype=\"https:\/\/schema.org\/mainEntityOfPage\" ><span itemprop='name'>MERCURIO RETR\u00d3GRADO<\/span><\/span><\/span><\/article><article class='slide-entry flex_column  post-entry post-entry-5303 slide-entry-overview slide-loop-6 slide-parity-odd  av_one_third  real-thumbnail post-format-standard'  itemscope=\"itemscope\" itemtype=\"https:\/\/schema.org\/BlogPosting\" itemprop=\"blogPost\" ><a href='https:\/\/www.yvettepons.com\/noticias\/reportaje-yv-lyfth-la-nueva-terapia-virtuosa-yvette-pons\/' data-rel='slide-1' class='slide-image' title='Reportaje YV-LYFTH, la nueva terapia virtuosa de Yvette Pons'><img decoding=\"async\" width=\"495\" height=\"400\" src=\"https:\/\/www.yvettepons.com\/noticias\/wp-content\/uploads\/2023\/02\/Captura-de-pantalla-2023-02-13-a-las-12.26.24-495x400.png\" class=\"wp-image-5322 avia-img-lazy-loading-not-5322 attachment-portfolio size-portfolio wp-post-image\" alt=\"\" srcset=\"https:\/\/www.yvettepons.com\/noticias\/wp-content\/uploads\/2023\/02\/Captura-de-pantalla-2023-02-13-a-las-12.26.24-495x400.png 495w, https:\/\/www.yvettepons.com\/noticias\/wp-content\/uploads\/2023\/02\/Captura-de-pantalla-2023-02-13-a-las-12.26.24-845x684.png 845w\" sizes=\"(max-width: 495px) 100vw, 495px\" \/><\/a><div class='slide-content'><header class=\"entry-content-header\"><span class=\"blog-categories minor-meta\"><a href=\"https:\/\/www.yvettepons.com\/noticias\/category\/actualitat\/\" rel=\"tag\">Actualidad<\/a>, <a href=\"https:\/\/www.yvettepons.com\/noticias\/category\/news\/\" rel=\"tag\">Noticias<\/a> <\/span><h3 class='slide-entry-title entry-title '  itemprop=\"headline\" ><a href='https:\/\/www.yvettepons.com\/noticias\/reportaje-yv-lyfth-la-nueva-terapia-virtuosa-yvette-pons\/' title='Reportaje YV-LYFTH, la nueva terapia virtuosa de Yvette Pons'>Reportaje YV-LYFTH, la nueva terapia virtuosa de Yvette Pons<\/a><\/h3><span class=\"av-vertical-delimiter\"><\/span><\/header><\/div><footer class=\"entry-footer\"><\/footer><span class='hidden'>\n\t\t\t\t<span class='av-structured-data'  itemprop=\"image\" itemscope=\"itemscope\" itemtype=\"https:\/\/schema.org\/ImageObject\" >\n\t\t\t\t\t\t<span itemprop='url'>https:\/\/www.yvettepons.com\/noticias\/wp-content\/uploads\/2023\/02\/Captura-de-pantalla-2023-02-13-a-las-12.26.24.png<\/span>\n\t\t\t\t\t\t<span itemprop='height'>1418<\/span>\n\t\t\t\t\t\t<span itemprop='width'>1422<\/span>\n\t\t\t\t<\/span>\n\t\t\t\t<span class='av-structured-data'  itemprop=\"publisher\" itemtype=\"https:\/\/schema.org\/Organization\" itemscope=\"itemscope\" >\n\t\t\t\t\t\t<span itemprop='name'>yvette<\/span>\n\t\t\t\t\t\t<span itemprop='logo' itemscope itemtype='https:\/\/schema.org\/ImageObject'>\n\t\t\t\t\t\t\t<span itemprop='url'>http:\/\/www.yvettepons.com\/noticias\/wp-content\/uploads\/2022\/09\/XX-1030x567.png<\/span>\n\t\t\t\t\t\t <\/span>\n\t\t\t\t<\/span><span class='av-structured-data'  itemprop=\"author\" itemscope=\"itemscope\" itemtype=\"https:\/\/schema.org\/Person\" ><span itemprop='name'>yvette<\/span><\/span><span class='av-structured-data'  itemprop=\"datePublished\" datetime=\"2019-04-26T09:43:48+02:00\" >2023-02-13 10:10:54<\/span><span class='av-structured-data'  itemprop=\"dateModified\" itemtype=\"https:\/\/schema.org\/dateModified\" >2023-02-13 11:31:18<\/span><span class='av-structured-data'  itemprop=\"mainEntityOfPage\" itemtype=\"https:\/\/schema.org\/mainEntityOfPage\" ><span itemprop='name'>Reportaje YV-LYFTH, la nueva terapia virtuosa de Yvette Pons<\/span><\/span><\/span><\/article><\/div><div class='slide-entry-wrap'><article class='slide-entry flex_column  post-entry post-entry-5131 slide-entry-overview slide-loop-7 slide-parity-odd  av_one_third first real-thumbnail post-format-standard'  itemscope=\"itemscope\" itemtype=\"https:\/\/schema.org\/BlogPosting\" itemprop=\"blogPost\" ><a href='https:\/\/www.yvettepons.com\/noticias\/covid-19-protocolo-higiene-seguridad\/' data-rel='slide-1' class='slide-image' title='COVID 19: PROTOCOLO DE HIGIENE Y SEGURIDAD'><img decoding=\"async\" width=\"495\" height=\"400\" src=\"https:\/\/www.yvettepons.com\/noticias\/wp-content\/uploads\/2020\/05\/Captura-de-pantalla-2020-05-11-a-las-10.51.31-1-495x400.png\" class=\"wp-image-5137 avia-img-lazy-loading-not-5137 attachment-portfolio size-portfolio wp-post-image\" alt=\"\" \/><\/a><div class='slide-content'><header class=\"entry-content-header\"><span class=\"blog-categories minor-meta\"><a href=\"https:\/\/www.yvettepons.com\/noticias\/category\/actualitat\/\" rel=\"tag\">Actualidad<\/a>, <a href=\"https:\/\/www.yvettepons.com\/noticias\/category\/news\/\" rel=\"tag\">Noticias<\/a>, <a href=\"https:\/\/www.yvettepons.com\/noticias\/category\/salud\/\" rel=\"tag\">Salud<\/a>, <a href=\"https:\/\/www.yvettepons.com\/noticias\/category\/sanitat\/\" rel=\"tag\">Sanidad<\/a> <\/span><h3 class='slide-entry-title entry-title '  itemprop=\"headline\" ><a href='https:\/\/www.yvettepons.com\/noticias\/covid-19-protocolo-higiene-seguridad\/' title='COVID 19: PROTOCOLO DE HIGIENE Y SEGURIDAD'>COVID 19: PROTOCOLO DE HIGIENE Y SEGURIDAD<\/a><\/h3><span class=\"av-vertical-delimiter\"><\/span><\/header><\/div><footer class=\"entry-footer\"><\/footer><span class='hidden'>\n\t\t\t\t<span class='av-structured-data'  itemprop=\"image\" itemscope=\"itemscope\" itemtype=\"https:\/\/schema.org\/ImageObject\" >\n\t\t\t\t\t\t<span itemprop='url'>https:\/\/www.yvettepons.com\/noticias\/wp-content\/uploads\/2020\/05\/Captura-de-pantalla-2020-05-11-a-las-10.51.31-1.png<\/span>\n\t\t\t\t\t\t<span itemprop='height'>432<\/span>\n\t\t\t\t\t\t<span itemprop='width'>614<\/span>\n\t\t\t\t<\/span>\n\t\t\t\t<span class='av-structured-data'  itemprop=\"publisher\" itemtype=\"https:\/\/schema.org\/Organization\" itemscope=\"itemscope\" >\n\t\t\t\t\t\t<span itemprop='name'>yvette<\/span>\n\t\t\t\t\t\t<span itemprop='logo' itemscope itemtype='https:\/\/schema.org\/ImageObject'>\n\t\t\t\t\t\t\t<span itemprop='url'>http:\/\/www.yvettepons.com\/noticias\/wp-content\/uploads\/2022\/09\/XX-1030x567.png<\/span>\n\t\t\t\t\t\t <\/span>\n\t\t\t\t<\/span><span class='av-structured-data'  itemprop=\"author\" itemscope=\"itemscope\" itemtype=\"https:\/\/schema.org\/Person\" ><span itemprop='name'>yvette<\/span><\/span><span class='av-structured-data'  itemprop=\"datePublished\" datetime=\"2019-04-26T09:43:48+02:00\" >2020-05-11 08:51:51<\/span><span class='av-structured-data'  itemprop=\"dateModified\" itemtype=\"https:\/\/schema.org\/dateModified\" >2020-05-12 08:33:31<\/span><span class='av-structured-data'  itemprop=\"mainEntityOfPage\" itemtype=\"https:\/\/schema.org\/mainEntityOfPage\" ><span itemprop='name'>COVID 19: PROTOCOLO DE HIGIENE Y SEGURIDAD<\/span><\/span><\/span><\/article><article class='slide-entry flex_column  post-entry post-entry-4982 slide-entry-overview slide-loop-8 slide-parity-even  av_one_third  real-thumbnail post-format-standard'  itemscope=\"itemscope\" itemtype=\"https:\/\/schema.org\/BlogPosting\" itemprop=\"blogPost\" ><a href='https:\/\/www.yvettepons.com\/noticias\/manos-el-poder-antiedad\/' data-rel='slide-1' class='slide-image' title='ART\u00cdCULO: Manos, el poder antiedad del sentido del tacto.  Yvette Pons'><img decoding=\"async\" width=\"495\" height=\"400\" src=\"https:\/\/www.yvettepons.com\/noticias\/wp-content\/uploads\/2019\/11\/Copia-de-Copia-de-Dise\u00f1o-sin-t\u00edtulo-4-495x400.png\" class=\"wp-image-4983 avia-img-lazy-loading-not-4983 attachment-portfolio size-portfolio wp-post-image\" alt=\"\" srcset=\"https:\/\/www.yvettepons.com\/noticias\/wp-content\/uploads\/2019\/11\/Copia-de-Copia-de-Dise\u00f1o-sin-t\u00edtulo-4-495x400.png 495w, https:\/\/www.yvettepons.com\/noticias\/wp-content\/uploads\/2019\/11\/Copia-de-Copia-de-Dise\u00f1o-sin-t\u00edtulo-4-845x684.png 845w\" sizes=\"(max-width: 495px) 100vw, 495px\" \/><\/a><div class='slide-content'><header class=\"entry-content-header\"><span class=\"blog-categories minor-meta\"><a href=\"https:\/\/www.yvettepons.com\/noticias\/category\/actualitat\/\" rel=\"tag\">Actualidad<\/a>, <a href=\"https:\/\/www.yvettepons.com\/noticias\/category\/news\/\" rel=\"tag\">Noticias<\/a> <\/span><h3 class='slide-entry-title entry-title '  itemprop=\"headline\" ><a href='https:\/\/www.yvettepons.com\/noticias\/manos-el-poder-antiedad\/' title='ART\u00cdCULO: Manos, el poder antiedad del sentido del tacto.  Yvette Pons'>ART\u00cdCULO: Manos, el poder antiedad del sentido del tacto.  Yvette Pons<\/a><\/h3><span class=\"av-vertical-delimiter\"><\/span><\/header><\/div><footer class=\"entry-footer\"><\/footer><span class='hidden'>\n\t\t\t\t<span class='av-structured-data'  itemprop=\"image\" itemscope=\"itemscope\" itemtype=\"https:\/\/schema.org\/ImageObject\" >\n\t\t\t\t\t\t<span itemprop='url'>https:\/\/www.yvettepons.com\/noticias\/wp-content\/uploads\/2019\/11\/Copia-de-Copia-de-Dise\u00f1o-sin-t\u00edtulo-4.png<\/span>\n\t\t\t\t\t\t<span itemprop='height'>1080<\/span>\n\t\t\t\t\t\t<span itemprop='width'>1080<\/span>\n\t\t\t\t<\/span>\n\t\t\t\t<span class='av-structured-data'  itemprop=\"publisher\" itemtype=\"https:\/\/schema.org\/Organization\" itemscope=\"itemscope\" >\n\t\t\t\t\t\t<span itemprop='name'>yvette<\/span>\n\t\t\t\t\t\t<span itemprop='logo' itemscope itemtype='https:\/\/schema.org\/ImageObject'>\n\t\t\t\t\t\t\t<span itemprop='url'>http:\/\/www.yvettepons.com\/noticias\/wp-content\/uploads\/2022\/09\/XX-1030x567.png<\/span>\n\t\t\t\t\t\t <\/span>\n\t\t\t\t<\/span><span class='av-structured-data'  itemprop=\"author\" itemscope=\"itemscope\" itemtype=\"https:\/\/schema.org\/Person\" ><span itemprop='name'>yvette<\/span><\/span><span class='av-structured-data'  itemprop=\"datePublished\" datetime=\"2019-04-26T09:43:48+02:00\" >2019-11-29 09:24:32<\/span><span class='av-structured-data'  itemprop=\"dateModified\" itemtype=\"https:\/\/schema.org\/dateModified\" >2019-11-29 09:55:44<\/span><span class='av-structured-data'  itemprop=\"mainEntityOfPage\" itemtype=\"https:\/\/schema.org\/mainEntityOfPage\" ><span itemprop='name'>ART\u00cdCULO: Manos, el poder antiedad del sentido del tacto.  Yvette Pons<\/span><\/span><\/span><\/article><article class='slide-entry flex_column  post-entry post-entry-4640 slide-entry-overview slide-loop-9 slide-parity-odd  post-entry-last  av_one_third  real-thumbnail post-format-standard'  itemscope=\"itemscope\" itemtype=\"https:\/\/schema.org\/BlogPosting\" itemprop=\"blogPost\" ><a href='https:\/\/www.yvettepons.com\/noticias\/articulo-rejuvenecer-el-renacimiento-de-la-piel\/' data-rel='slide-1' class='slide-image' title='ART\u00cdCULO: REJUVENECER, EL RENACIMIENTO DE LA PIEL.  Yvette Pons'><img decoding=\"async\" width=\"495\" height=\"400\" src=\"https:\/\/www.yvettepons.com\/noticias\/wp-content\/uploads\/2019\/10\/Copia-de-Dise\u00f1o-sin-t\u00edtulo-8-495x400.png\" class=\"wp-image-4641 avia-img-lazy-loading-not-4641 attachment-portfolio size-portfolio wp-post-image\" alt=\"\" srcset=\"https:\/\/www.yvettepons.com\/noticias\/wp-content\/uploads\/2019\/10\/Copia-de-Dise\u00f1o-sin-t\u00edtulo-8-495x400.png 495w, https:\/\/www.yvettepons.com\/noticias\/wp-content\/uploads\/2019\/10\/Copia-de-Dise\u00f1o-sin-t\u00edtulo-8-845x684.png 845w\" sizes=\"(max-width: 495px) 100vw, 495px\" \/><\/a><div class='slide-content'><header class=\"entry-content-header\"><span class=\"blog-categories minor-meta\"><a href=\"https:\/\/www.yvettepons.com\/noticias\/category\/actualitat\/\" rel=\"tag\">Actualidad<\/a>, <a href=\"https:\/\/www.yvettepons.com\/noticias\/category\/news\/\" rel=\"tag\">Noticias<\/a> <\/span><h3 class='slide-entry-title entry-title '  itemprop=\"headline\" ><a href='https:\/\/www.yvettepons.com\/noticias\/articulo-rejuvenecer-el-renacimiento-de-la-piel\/' title='ART\u00cdCULO: REJUVENECER, EL RENACIMIENTO DE LA PIEL.  Yvette Pons'>ART\u00cdCULO: REJUVENECER, EL RENACIMIENTO DE LA PIEL.  Yvette Pons<\/a><\/h3><span class=\"av-vertical-delimiter\"><\/span><\/header><\/div><footer class=\"entry-footer\"><\/footer><span class='hidden'>\n\t\t\t\t<span class='av-structured-data'  itemprop=\"image\" itemscope=\"itemscope\" itemtype=\"https:\/\/schema.org\/ImageObject\" >\n\t\t\t\t\t\t<span itemprop='url'>https:\/\/www.yvettepons.com\/noticias\/wp-content\/uploads\/2019\/10\/Copia-de-Dise\u00f1o-sin-t\u00edtulo-8.png<\/span>\n\t\t\t\t\t\t<span itemprop='height'>1080<\/span>\n\t\t\t\t\t\t<span itemprop='width'>1080<\/span>\n\t\t\t\t<\/span>\n\t\t\t\t<span class='av-structured-data'  itemprop=\"publisher\" itemtype=\"https:\/\/schema.org\/Organization\" itemscope=\"itemscope\" >\n\t\t\t\t\t\t<span itemprop='name'>yvette<\/span>\n\t\t\t\t\t\t<span itemprop='logo' itemscope itemtype='https:\/\/schema.org\/ImageObject'>\n\t\t\t\t\t\t\t<span itemprop='url'>http:\/\/www.yvettepons.com\/noticias\/wp-content\/uploads\/2022\/09\/XX-1030x567.png<\/span>\n\t\t\t\t\t\t <\/span>\n\t\t\t\t<\/span><span class='av-structured-data'  itemprop=\"author\" itemscope=\"itemscope\" itemtype=\"https:\/\/schema.org\/Person\" ><span itemprop='name'>yvette<\/span><\/span><span class='av-structured-data'  itemprop=\"datePublished\" datetime=\"2019-04-26T09:43:48+02:00\" >2019-10-18 10:01:08<\/span><span class='av-structured-data'  itemprop=\"dateModified\" itemtype=\"https:\/\/schema.org\/dateModified\" >2019-10-18 10:27:21<\/span><span class='av-structured-data'  itemprop=\"mainEntityOfPage\" itemtype=\"https:\/\/schema.org\/mainEntityOfPage\" ><span itemprop='name'>ART\u00cdCULO: REJUVENECER, EL RENACIMIENTO DE LA PIEL.  Yvette Pons<\/span><\/span><\/span><\/article><\/div><\/div><div class='avia-slideshow-arrows avia-slideshow-controls'><a href='#prev' class='prev-slide' aria-hidden='true' data-av_icon='\ue87c' data-av_iconfont='entypo-fontello'>Anterior<\/a><a href='#next' class='next-slide' aria-hidden='true' data-av_icon='\ue87d' data-av_iconfont='entypo-fontello'>Posterior<\/a><\/div><\/div>\n","protected":false},"excerpt":{"rendered":"<p>Regalar Yvette Pons es regalar lujo y calidad. El instituto dispone de un espacio spa donde realizamos tratamientos relajantes tanto faciales como corporales, con toda la exquisitez que nos caracteriza.<\/p>\n","protected":false},"author":1,"featured_media":4294,"comment_status":"open","ping_status":"open","sticky":false,"template":"","format":"standard","meta":{"footnotes":""},"categories":[133,94,51],"tags":[],"class_list":["post-4273","post","type-post","status-publish","format-standard","has-post-thumbnail","hentry","category-productes-2","category-promocions","category-tractaments"],"yoast_head":"<!-- This site is optimized with the Yoast SEO plugin v23.3 - https:\/\/yoast.com\/wordpress\/plugins\/seo\/ -->\n<title>REGALA BELLEZA Y BIENESTAR EN EL D\u00cdA DE LA MADRE -<\/title>\n<meta name=\"robots\" content=\"index, follow, max-snippet:-1, max-image-preview:large, max-video-preview:-1\" \/>\n<link rel=\"canonical\" href=\"https:\/\/www.yvettepons.com\/noticias\/regala-belleza-bienestar-dia-la-madre\/\" \/>\n<meta property=\"og:locale\" content=\"es_ES\" \/>\n<meta property=\"og:type\" content=\"article\" \/>\n<meta property=\"og:title\" content=\"REGALA BELLEZA Y BIENESTAR EN EL D\u00cdA DE LA MADRE -\" \/>\n<meta property=\"og:description\" content=\"Regalar Yvette Pons es regalar lujo y calidad. El instituto dispone de un espacio spa donde realizamos tratamientos relajantes tanto faciales como corporales, con toda la exquisitez que nos caracteriza.\" \/>\n<meta property=\"og:url\" content=\"https:\/\/www.yvettepons.com\/noticias\/regala-belleza-bienestar-dia-la-madre\/\" \/>\n<meta property=\"article:published_time\" content=\"2019-04-26T09:43:48+00:00\" \/>\n<meta property=\"article:modified_time\" content=\"2019-04-26T09:46:19+00:00\" \/>\n<meta property=\"og:image\" content=\"https:\/\/www.yvettepons.com\/noticias\/wp-content\/uploads\/2019\/04\/Copia-de-Copia-de-Copia-de-xecs-regal-4.png\" \/>\n\t<meta property=\"og:image:width\" content=\"1080\" \/>\n\t<meta property=\"og:image:height\" content=\"1080\" \/>\n\t<meta property=\"og:image:type\" content=\"image\/png\" \/>\n<meta name=\"author\" content=\"yvette\" \/>\n<meta name=\"twitter:card\" content=\"summary_large_image\" \/>\n<meta name=\"twitter:label1\" content=\"Escrito por\" \/>\n\t<meta name=\"twitter:data1\" content=\"yvette\" \/>\n\t<meta name=\"twitter:label2\" content=\"Tiempo de lectura\" \/>\n\t<meta name=\"twitter:data2\" content=\"4 minutos\" \/>\n<script type=\"application\/ld+json\" class=\"yoast-schema-graph\">{\"@context\":\"https:\/\/schema.org\",\"@graph\":[{\"@type\":\"WebPage\",\"@id\":\"https:\/\/www.yvettepons.com\/noticias\/regala-belleza-bienestar-dia-la-madre\/\",\"url\":\"https:\/\/www.yvettepons.com\/noticias\/regala-belleza-bienestar-dia-la-madre\/\",\"name\":\"REGALA BELLEZA Y BIENESTAR EN EL D\u00cdA DE LA MADRE -\",\"isPartOf\":{\"@id\":\"https:\/\/www.yvettepons.com\/noticias\/#website\"},\"primaryImageOfPage\":{\"@id\":\"https:\/\/www.yvettepons.com\/noticias\/regala-belleza-bienestar-dia-la-madre\/#primaryimage\"},\"image\":{\"@id\":\"https:\/\/www.yvettepons.com\/noticias\/regala-belleza-bienestar-dia-la-madre\/#primaryimage\"},\"thumbnailUrl\":\"https:\/\/www.yvettepons.com\/noticias\/wp-content\/uploads\/2019\/04\/Copia-de-Copia-de-Copia-de-xecs-regal-4.png\",\"datePublished\":\"2019-04-26T09:43:48+00:00\",\"dateModified\":\"2019-04-26T09:46:19+00:00\",\"author\":{\"@id\":\"https:\/\/www.yvettepons.com\/noticias\/#\/schema\/person\/5b9d0cfa89aee629bece162bfdf8b8bf\"},\"breadcrumb\":{\"@id\":\"https:\/\/www.yvettepons.com\/noticias\/regala-belleza-bienestar-dia-la-madre\/#breadcrumb\"},\"inLanguage\":\"es\",\"potentialAction\":[{\"@type\":\"ReadAction\",\"target\":[\"https:\/\/www.yvettepons.com\/noticias\/regala-belleza-bienestar-dia-la-madre\/\"]}]},{\"@type\":\"ImageObject\",\"inLanguage\":\"es\",\"@id\":\"https:\/\/www.yvettepons.com\/noticias\/regala-belleza-bienestar-dia-la-madre\/#primaryimage\",\"url\":\"https:\/\/www.yvettepons.com\/noticias\/wp-content\/uploads\/2019\/04\/Copia-de-Copia-de-Copia-de-xecs-regal-4.png\",\"contentUrl\":\"https:\/\/www.yvettepons.com\/noticias\/wp-content\/uploads\/2019\/04\/Copia-de-Copia-de-Copia-de-xecs-regal-4.png\",\"width\":1080,\"height\":1080},{\"@type\":\"BreadcrumbList\",\"@id\":\"https:\/\/www.yvettepons.com\/noticias\/regala-belleza-bienestar-dia-la-madre\/#breadcrumb\",\"itemListElement\":[{\"@type\":\"ListItem\",\"position\":1,\"name\":\"Portada\",\"item\":\"https:\/\/www.yvettepons.com\/noticias\/\"},{\"@type\":\"ListItem\",\"position\":2,\"name\":\"REGALA BELLEZA Y BIENESTAR EN EL D\u00cdA DE LA MADRE\"}]},{\"@type\":\"WebSite\",\"@id\":\"https:\/\/www.yvettepons.com\/noticias\/#website\",\"url\":\"https:\/\/www.yvettepons.com\/noticias\/\",\"name\":\"\",\"description\":\"\",\"potentialAction\":[{\"@type\":\"SearchAction\",\"target\":{\"@type\":\"EntryPoint\",\"urlTemplate\":\"https:\/\/www.yvettepons.com\/noticias\/?s={search_term_string}\"},\"query-input\":\"required name=search_term_string\"}],\"inLanguage\":\"es\"},{\"@type\":\"Person\",\"@id\":\"https:\/\/www.yvettepons.com\/noticias\/#\/schema\/person\/5b9d0cfa89aee629bece162bfdf8b8bf\",\"name\":\"yvette\",\"image\":{\"@type\":\"ImageObject\",\"inLanguage\":\"es\",\"@id\":\"https:\/\/www.yvettepons.com\/noticias\/#\/schema\/person\/image\/\",\"url\":\"https:\/\/secure.gravatar.com\/avatar\/b31da7f75aa0d53c1cd9f27269d3fd5a583671f8ae3cec5fc14a021caad18787?s=96&d=mm&r=g\",\"contentUrl\":\"https:\/\/secure.gravatar.com\/avatar\/b31da7f75aa0d53c1cd9f27269d3fd5a583671f8ae3cec5fc14a021caad18787?s=96&d=mm&r=g\",\"caption\":\"yvette\"},\"url\":\"https:\/\/www.yvettepons.com\/noticias\/author\/yvette\/\"}]}<\/script>\n<!-- \/ Yoast SEO plugin. -->","yoast_head_json":{"title":"REGALA BELLEZA Y BIENESTAR EN EL D\u00cdA DE LA MADRE -","robots":{"index":"index","follow":"follow","max-snippet":"max-snippet:-1","max-image-preview":"max-image-preview:large","max-video-preview":"max-video-preview:-1"},"canonical":"https:\/\/www.yvettepons.com\/noticias\/regala-belleza-bienestar-dia-la-madre\/","og_locale":"es_ES","og_type":"article","og_title":"REGALA BELLEZA Y BIENESTAR EN EL D\u00cdA DE LA MADRE -","og_description":"Regalar Yvette Pons es regalar lujo y calidad. El instituto dispone de un espacio spa donde realizamos tratamientos relajantes tanto faciales como corporales, con toda la exquisitez que nos caracteriza.","og_url":"https:\/\/www.yvettepons.com\/noticias\/regala-belleza-bienestar-dia-la-madre\/","article_published_time":"2019-04-26T09:43:48+00:00","article_modified_time":"2019-04-26T09:46:19+00:00","og_image":[{"width":1080,"height":1080,"url":"https:\/\/www.yvettepons.com\/noticias\/wp-content\/uploads\/2019\/04\/Copia-de-Copia-de-Copia-de-xecs-regal-4.png","type":"image\/png"}],"author":"yvette","twitter_card":"summary_large_image","twitter_misc":{"Escrito por":"yvette","Tiempo de lectura":"4 minutos"},"schema":{"@context":"https:\/\/schema.org","@graph":[{"@type":"WebPage","@id":"https:\/\/www.yvettepons.com\/noticias\/regala-belleza-bienestar-dia-la-madre\/","url":"https:\/\/www.yvettepons.com\/noticias\/regala-belleza-bienestar-dia-la-madre\/","name":"REGALA BELLEZA Y BIENESTAR EN EL D\u00cdA DE LA MADRE -","isPartOf":{"@id":"https:\/\/www.yvettepons.com\/noticias\/#website"},"primaryImageOfPage":{"@id":"https:\/\/www.yvettepons.com\/noticias\/regala-belleza-bienestar-dia-la-madre\/#primaryimage"},"image":{"@id":"https:\/\/www.yvettepons.com\/noticias\/regala-belleza-bienestar-dia-la-madre\/#primaryimage"},"thumbnailUrl":"https:\/\/www.yvettepons.com\/noticias\/wp-content\/uploads\/2019\/04\/Copia-de-Copia-de-Copia-de-xecs-regal-4.png","datePublished":"2019-04-26T09:43:48+00:00","dateModified":"2019-04-26T09:46:19+00:00","author":{"@id":"https:\/\/www.yvettepons.com\/noticias\/#\/schema\/person\/5b9d0cfa89aee629bece162bfdf8b8bf"},"breadcrumb":{"@id":"https:\/\/www.yvettepons.com\/noticias\/regala-belleza-bienestar-dia-la-madre\/#breadcrumb"},"inLanguage":"es","potentialAction":[{"@type":"ReadAction","target":["https:\/\/www.yvettepons.com\/noticias\/regala-belleza-bienestar-dia-la-madre\/"]}]},{"@type":"ImageObject","inLanguage":"es","@id":"https:\/\/www.yvettepons.com\/noticias\/regala-belleza-bienestar-dia-la-madre\/#primaryimage","url":"https:\/\/www.yvettepons.com\/noticias\/wp-content\/uploads\/2019\/04\/Copia-de-Copia-de-Copia-de-xecs-regal-4.png","contentUrl":"https:\/\/www.yvettepons.com\/noticias\/wp-content\/uploads\/2019\/04\/Copia-de-Copia-de-Copia-de-xecs-regal-4.png","width":1080,"height":1080},{"@type":"BreadcrumbList","@id":"https:\/\/www.yvettepons.com\/noticias\/regala-belleza-bienestar-dia-la-madre\/#breadcrumb","itemListElement":[{"@type":"ListItem","position":1,"name":"Portada","item":"https:\/\/www.yvettepons.com\/noticias\/"},{"@type":"ListItem","position":2,"name":"REGALA BELLEZA Y BIENESTAR EN EL D\u00cdA DE LA MADRE"}]},{"@type":"WebSite","@id":"https:\/\/www.yvettepons.com\/noticias\/#website","url":"https:\/\/www.yvettepons.com\/noticias\/","name":"","description":"","potentialAction":[{"@type":"SearchAction","target":{"@type":"EntryPoint","urlTemplate":"https:\/\/www.yvettepons.com\/noticias\/?s={search_term_string}"},"query-input":"required name=search_term_string"}],"inLanguage":"es"},{"@type":"Person","@id":"https:\/\/www.yvettepons.com\/noticias\/#\/schema\/person\/5b9d0cfa89aee629bece162bfdf8b8bf","name":"yvette","image":{"@type":"ImageObject","inLanguage":"es","@id":"https:\/\/www.yvettepons.com\/noticias\/#\/schema\/person\/image\/","url":"https:\/\/secure.gravatar.com\/avatar\/b31da7f75aa0d53c1cd9f27269d3fd5a583671f8ae3cec5fc14a021caad18787?s=96&d=mm&r=g","contentUrl":"https:\/\/secure.gravatar.com\/avatar\/b31da7f75aa0d53c1cd9f27269d3fd5a583671f8ae3cec5fc14a021caad18787?s=96&d=mm&r=g","caption":"yvette"},"url":"https:\/\/www.yvettepons.com\/noticias\/author\/yvette\/"}]}},"_links":{"self":[{"href":"https:\/\/www.yvettepons.com\/noticias\/wp-json\/wp\/v2\/posts\/4273","targetHints":{"allow":["GET"]}}],"collection":[{"href":"https:\/\/www.yvettepons.com\/noticias\/wp-json\/wp\/v2\/posts"}],"about":[{"href":"https:\/\/www.yvettepons.com\/noticias\/wp-json\/wp\/v2\/types\/post"}],"author":[{"embeddable":true,"href":"https:\/\/www.yvettepons.com\/noticias\/wp-json\/wp\/v2\/users\/1"}],"replies":[{"embeddable":true,"href":"https:\/\/www.yvettepons.com\/noticias\/wp-json\/wp\/v2\/comments?post=4273"}],"version-history":[{"count":12,"href":"https:\/\/www.yvettepons.com\/noticias\/wp-json\/wp\/v2\/posts\/4273\/revisions"}],"predecessor-version":[{"id":4297,"href":"https:\/\/www.yvettepons.com\/noticias\/wp-json\/wp\/v2\/posts\/4273\/revisions\/4297"}],"wp:featuredmedia":[{"embeddable":true,"href":"https:\/\/www.yvettepons.com\/noticias\/wp-json\/wp\/v2\/media\/4294"}],"wp:attachment":[{"href":"https:\/\/www.yvettepons.com\/noticias\/wp-json\/wp\/v2\/media?parent=4273"}],"wp:term":[{"taxonomy":"category","embeddable":true,"href":"https:\/\/www.yvettepons.com\/noticias\/wp-json\/wp\/v2\/categories?post=4273"},{"taxonomy":"post_tag","embeddable":true,"href":"https:\/\/www.yvettepons.com\/noticias\/wp-json\/wp\/v2\/tags?post=4273"}],"curies":[{"name":"wp","href":"https:\/\/api.w.org\/{rel}","templated":true}]}}