{"id":4240,"date":"2019-04-12T09:13:20","date_gmt":"2019-04-12T09:13:20","guid":{"rendered":"http:\/\/www.yvettepons.com\/noticias\/?p=4240"},"modified":"2019-04-12T09:19:25","modified_gmt":"2019-04-12T09:19:25","slug":"dr-vernetta-responde-tus-preguntas","status":"publish","type":"post","link":"https:\/\/www.yvettepons.com\/noticias\/dr-vernetta-responde-tus-preguntas\/","title":{"rendered":"EL DR. VERNETTA RESPONDE TUS PREGUNTAS"},"content":{"rendered":"<div  class='avia-image-container avia_animated_image avia_animate_when_almost_visible pop-up av-styling-    avia-builder-el-0  el_before_av_heading  avia-builder-el-first  avia-align-center '  itemprop=\"image\" itemscope=\"itemscope\" itemtype=\"https:\/\/schema.org\/ImageObject\"  ><div class='avia-image-container-inner'><div class='avia-image-overlay-wrap'><img decoding=\"async\" class='wp-image-4241 avia-img-lazy-loading-not-4241 avia_image' src=\"https:\/\/www.yvettepons.com\/noticias\/wp-content\/uploads\/2019\/04\/BANNER-BLOG.png\" alt='' title='BANNER BLOG' height=\"312\" width=\"820\"  itemprop=\"thumbnailUrl\" srcset=\"https:\/\/www.yvettepons.com\/noticias\/wp-content\/uploads\/2019\/04\/BANNER-BLOG.png 820w, https:\/\/www.yvettepons.com\/noticias\/wp-content\/uploads\/2019\/04\/BANNER-BLOG-300x114.png 300w, https:\/\/www.yvettepons.com\/noticias\/wp-content\/uploads\/2019\/04\/BANNER-BLOG-768x292.png 768w, https:\/\/www.yvettepons.com\/noticias\/wp-content\/uploads\/2019\/04\/BANNER-BLOG-705x268.png 705w, https:\/\/www.yvettepons.com\/noticias\/wp-content\/uploads\/2019\/04\/BANNER-BLOG-450x171.png 450w\" sizes=\"(max-width: 820px) 100vw, 820px\" \/><\/div><\/div><\/div>\n<div  style='padding-bottom:10px; font-size:25px;' class='av-special-heading av-special-heading-h3 meta-heading blockquote modern-quote modern-centered  avia-builder-el-1  el_after_av_image  el_before_av_textblock  av-inherit-size '><h3 class='av-special-heading-tag '  itemprop=\"headline\"  >EL DR. VERNETTA RESPONDE TUS PREGUNTAS<\/h3><div class='special-heading-border'><div class='special-heading-inner-border' ><\/div><\/div><\/div>\n<section class=\"av_textblock_section \"  itemscope=\"itemscope\" itemtype=\"https:\/\/schema.org\/BlogPosting\" itemprop=\"blogPost\" ><div class='avia_textblock  '   itemprop=\"text\" ><p style=\"text-align: justify;\"><span style=\"font-size: 14pt; color: #000000;\"><strong><span style=\"font-family: helvetica, arial, sans-serif;\">En este tiempo primaveral nos apetece mejorar nuestro f\u00edsico y las posibilidades son muy variadas. Es l\u00f3gico que nos aparezcan dudas.<\/span><\/strong><\/span><\/p>\n<p style=\"text-align: justify;\"><span style=\"font-family: helvetica, arial, sans-serif; color: #000000;\">Hoy el Dr. Oriol Vernetta, responsable del deparatamento de medicina y cirug\u00eda est\u00e9tica del Instituto Yvette Pons,\u00a0Doctor con una d\u00e9cada de experiencia en Cirug\u00eda Pl\u00e1stica, Reparadora y Est\u00e9tica, nos responde a las preguntas que algunas de nuestras clientas y clientes le han hecho en estos \u00faltimos meses.<\/span><\/p>\n<h2 class=\"western\" style=\"text-align: justify;\" align=\"justify\">\u00a0<\/h2>\n<\/div><\/section>\n<div   data-autoplay='1'  data-interval='5'  data-animation='fade'  data-hoverpause='1'  class='avia-testimonial-wrapper avia-grid-testimonials avia-grid-1-testimonials avia_animate_when_almost_visible   '>\n <section class ='avia-testimonial-row'><div class='avia-testimonial av_one_full flex_column no_margin avia-testimonial-row-1 avia-first-testimonialavia-last-testimonial' ><div class='avia-testimonial_inner'  itemscope=\"itemscope\" itemtype=\"https:\/\/schema.org\/BlogPosting\" itemprop=\"blogPost\" ><div class='avia-testimonial-image'  itemprop=\"image\"  style='background-image:url(https:\/\/www.yvettepons.com\/noticias\/wp-content\/uploads\/2019\/04\/girl-919048_1280-180x180.jpg);'><\/div><div class='avia-testimonial-content '  ><div class='avia-testimonial-markup-entry-content'  itemprop=\"text\" ><p> <em><strong>Mi duda es la siguiente&#8230;<br \/>\n <\/strong><\/em><em><strong>Tengo 20 a\u00f1os y mi t\u00f3rax est\u00e1 hundido, adem\u00e1s tengo los\u00a0pechos peque\u00f1os.<br \/>\n <\/strong><\/em><em><strong>\u00bfHay alguna soluci\u00f3n?<\/strong><\/em><\/p>\n<\/div><\/div><div class='avia-testimonial-meta'><div class='avia-testimonial-arrow-wrap'><div class='avia-arrow'><\/div><\/div><div class='avia-testimonial-meta-mini'  itemprop=\"author\" itemscope=\"itemscope\" itemtype=\"https:\/\/schema.org\/Person\" ><\/div><\/div><\/div><\/div><\/section>\n <\/div>\n<section class=\"av_textblock_section \"  itemscope=\"itemscope\" itemtype=\"https:\/\/schema.org\/BlogPosting\" itemprop=\"blogPost\" ><div class='avia_textblock  '   itemprop=\"text\" ><p style=\"text-align: justify;\">Para el t\u00f3rax hundido o <em>pectus excavatum <\/em>podemos usar varias t\u00e9cnicas seg\u00fan sea el grado de hundimiento. Habitualmente realizamos injertos de grasa con muy buen resultado. Al mismo tiempo podemos actuar sobre los pechos con implantes o con la t\u00e9cnica que necesites. El resultado global suele ser un cambio fant\u00e1stico.<\/p>\n<\/div><\/section>\n<div   data-autoplay='1'  data-interval='5'  data-animation='fade'  data-hoverpause='1'  class='avia-testimonial-wrapper avia-grid-testimonials avia-grid-2-testimonials avia_animate_when_almost_visible   '>\n <section class ='avia-testimonial-row'><div class='avia-testimonial av_one_half flex_column no_margin avia-testimonial-row-1 avia-first-testimonial' ><div class='avia-testimonial_inner'  itemscope=\"itemscope\" itemtype=\"https:\/\/schema.org\/BlogPosting\" itemprop=\"blogPost\" ><div class='avia-testimonial-image'  itemprop=\"image\"  style='background-image:url(https:\/\/www.yvettepons.com\/noticias\/wp-content\/uploads\/2019\/04\/girl-657753_1280-180x180.jpg);'><\/div><div class='avia-testimonial-content '  ><div class='avia-testimonial-markup-entry-content'  itemprop=\"text\" ><p> <strong><em>Tengo 42 a\u00f1os, soy muy deportista y delgada pero tengo las cartucheras muy marcadas.\u00a0<\/em><\/strong><br \/>\n <strong><em>Lo que m\u00e1s me preocupa es la flacidez de la piel de esa zona. \u00bfSi me hiciera una liposucci\u00f3n empeorar\u00eda el estado de la piel?\u00a0<\/em><\/strong><\/p>\n<\/div><\/div><div class='avia-testimonial-meta'><div class='avia-testimonial-arrow-wrap'><div class='avia-arrow'><\/div><\/div><div class='avia-testimonial-meta-mini'  itemprop=\"author\" itemscope=\"itemscope\" itemtype=\"https:\/\/schema.org\/Person\" ><\/div><\/div><\/div><\/div>\n <\/section><\/div>\n\n<section class=\"av_textblock_section \"  itemscope=\"itemscope\" itemtype=\"https:\/\/schema.org\/BlogPosting\" itemprop=\"blogPost\" ><div class='avia_textblock  '   itemprop=\"text\" ><p style=\"text-align: justify;\">Hay que valorarlo siempre en persona, pero es muy probable que una liposucci\u00f3n cl\u00e1sica sea muy eficaz para reducir el volumen de grasa de tus cartucheras pero que empeore la flacidez de tu piel. En estos casos, muchas veces necesitamos asociar ultrasonidos durante la liposucci\u00f3n para tensar la piel al m\u00e1ximo. Es lo que llamamos Lipo-Vaser.<\/p>\n<\/div><\/section>\n<div   data-autoplay='1'  data-interval='5'  data-animation='fade'  data-hoverpause='1'  class='avia-testimonial-wrapper avia-grid-testimonials avia-grid-2-testimonials avia_animate_when_almost_visible   '>\n <section class ='avia-testimonial-row'><div class='avia-testimonial av_one_half flex_column no_margin avia-testimonial-row-1 avia-first-testimonial' ><div class='avia-testimonial_inner'  itemscope=\"itemscope\" itemtype=\"https:\/\/schema.org\/BlogPosting\" itemprop=\"blogPost\" ><div class='avia-testimonial-image'  itemprop=\"image\"  style='background-image:url(https:\/\/www.yvettepons.com\/noticias\/wp-content\/uploads\/2019\/04\/woman-3714620_1280-180x180.jpg);'><\/div><div class='avia-testimonial-content '  ><div class='avia-testimonial-markup-entry-content'  itemprop=\"text\" ><p> <em><strong>Tengo 49 a\u00f1os y me gustar\u00eda operarme la nariz. \u00bfUsted cree que soy demasiado mayor?<\/strong><\/em><\/p>\n<\/div><\/div><div class='avia-testimonial-meta'><div class='avia-testimonial-arrow-wrap'><div class='avia-arrow'><\/div><\/div><div class='avia-testimonial-meta-mini'  itemprop=\"author\" itemscope=\"itemscope\" itemtype=\"https:\/\/schema.org\/Person\" ><\/div><\/div><\/div><\/div>\n <\/section><\/div>\n<section class=\"av_textblock_section \"  itemscope=\"itemscope\" itemtype=\"https:\/\/schema.org\/BlogPosting\" itemprop=\"blogPost\" ><div class='avia_textblock  '   itemprop=\"text\" ><p style=\"text-align: justify;\">En absoluto eres demasiado mayor, la rinoplastia es una t\u00e9cnica compleja per muy segura y eficaz en cualquier edad.<\/p>\n<\/div><\/section>\n<div   data-autoplay='1'  data-interval='5'  data-animation='fade'  data-hoverpause='1'  class='avia-testimonial-wrapper avia-grid-testimonials avia-grid-2-testimonials avia_animate_when_almost_visible   '>\n <section class ='avia-testimonial-row'><div class='avia-testimonial av_one_half flex_column no_margin avia-testimonial-row-1 avia-first-testimonial' ><div class='avia-testimonial_inner'  itemscope=\"itemscope\" itemtype=\"https:\/\/schema.org\/BlogPosting\" itemprop=\"blogPost\" ><div class='avia-testimonial-image'  itemprop=\"image\"  style='background-image:url(https:\/\/www.yvettepons.com\/noticias\/wp-content\/uploads\/2019\/04\/young-man-1281282_1280-180x180.jpg);'><\/div><div class='avia-testimonial-content '  ><div class='avia-testimonial-markup-entry-content'  itemprop=\"text\" ><p style=\"text-align: justify;\"><strong><em>Hola, soy un hombre de 28 a\u00f1os y me gustar\u00eda marcar la musculatura del abdomen pero con ejercicio no soy capaz. He le\u00eddo que la liposucci\u00f3n HD puede conseguirlo, \u00bfEs cierto?\u00a0<\/em><\/strong><\/p>\n<\/div><\/div><div class='avia-testimonial-meta'><div class='avia-testimonial-arrow-wrap'><div class='avia-arrow'><\/div><\/div><div class='avia-testimonial-meta-mini'  itemprop=\"author\" itemscope=\"itemscope\" itemtype=\"https:\/\/schema.org\/Person\" ><\/div><\/div><\/div><\/div>\n <\/section><\/div>\n<section class=\"av_textblock_section \"  itemscope=\"itemscope\" itemtype=\"https:\/\/schema.org\/BlogPosting\" itemprop=\"blogPost\" ><div class='avia_textblock  '   itemprop=\"text\" ><p style=\"text-align: justify;\">S\u00ed es cierto. Se tratar\u00eda de usar un lipo-vaser (del que ya he hablado antes), para esculpir y marcar cada m\u00fasculo. El resultado suele ser muy llamativo pero no todo el mundo es un buen candidadto para esta intervenci\u00f3n. Es muy eficaz en personas deportistas con acumulaci\u00f3n de grasa relativamente peque\u00f1a.<\/p>\n<\/div><\/section>\n<div   data-autoplay='1'  data-interval='5'  data-animation='fade'  data-hoverpause='1'  class='avia-testimonial-wrapper avia-grid-testimonials avia-grid-2-testimonials avia_animate_when_almost_visible   '>\n <section class ='avia-testimonial-row'><div class='avia-testimonial av_one_half flex_column no_margin avia-testimonial-row-1 avia-first-testimonial' ><div class='avia-testimonial_inner'  itemscope=\"itemscope\" itemtype=\"https:\/\/schema.org\/BlogPosting\" itemprop=\"blogPost\" ><div class='avia-testimonial-image'  itemprop=\"image\"  style='background-image:url(https:\/\/www.yvettepons.com\/noticias\/wp-content\/uploads\/2019\/04\/woman-3387820_1280-180x180.jpg);'><\/div><div class='avia-testimonial-content '  ><div class='avia-testimonial-markup-entry-content'  itemprop=\"text\" ><p style=\"text-align: justify;\"><em><strong>Soy una chica de 29 a\u00f1os y me gustar\u00eda hacerme una abdominoplastia pero a\u00fan no he tenido hijos y me preocupa qu\u00e9 pasar\u00e1 si me quedo embarazada un tiempo despu\u00e9s de la cirug\u00eda.<\/strong><\/em><\/p>\n<\/div><\/div><div class='avia-testimonial-meta'><div class='avia-testimonial-arrow-wrap'><div class='avia-arrow'><\/div><\/div><div class='avia-testimonial-meta-mini'  itemprop=\"author\" itemscope=\"itemscope\" itemtype=\"https:\/\/schema.org\/Person\" ><\/div><\/div><\/div><\/div>\n <\/section><\/div>\n<section class=\"av_textblock_section \"  itemscope=\"itemscope\" itemtype=\"https:\/\/schema.org\/BlogPosting\" itemprop=\"blogPost\" ><div class='avia_textblock  '   itemprop=\"text\" ><p style=\"text-align: justify;\">Respecto al desarrollo del embarazo, una abdominoplastia previa no nos va a dar ning\u00fan tipo de problema. Respecto al resultado est\u00e9tico final, es muy probable que el embarazo \u00abestropee\u00bb en mayor o menor medida ese resultado pero siempre vamos a poder realizar peque\u00f1as correcciones posteriores para que vuelva a quedar perfecto.<\/p>\n<\/div><\/section>\n<div   data-autoplay='1'  data-interval='5'  data-animation='fade'  data-hoverpause='1'  class='avia-testimonial-wrapper avia-grid-testimonials avia-grid-2-testimonials avia_animate_when_almost_visible   '>\n <section class ='avia-testimonial-row'><div class='avia-testimonial av_one_half flex_column no_margin avia-testimonial-row-1 avia-first-testimonial' ><div class='avia-testimonial_inner'  itemscope=\"itemscope\" itemtype=\"https:\/\/schema.org\/BlogPosting\" itemprop=\"blogPost\" ><div class='avia-testimonial-image'  itemprop=\"image\"  style='background-image:url(https:\/\/www.yvettepons.com\/noticias\/wp-content\/uploads\/2019\/04\/young-4078956_1280-180x180.jpg);'><\/div><div class='avia-testimonial-content '  ><div class='avia-testimonial-markup-entry-content'  itemprop=\"text\" ><p style=\"text-align: justify;\"><em><strong>Dr. Vernetta, tengo 39 a\u00f1os y quisiera levantar mis p\u00f3mulos. He o\u00eddo hablar del \u00e1cido hialur\u00f3nico y de la hidrox\u00edapatita. \u00bfCu\u00e1l me recomienda?<\/strong><\/em><\/p>\n<\/div><\/div><div class='avia-testimonial-meta'><div class='avia-testimonial-arrow-wrap'><div class='avia-arrow'><\/div><\/div><div class='avia-testimonial-meta-mini'  itemprop=\"author\" itemscope=\"itemscope\" itemtype=\"https:\/\/schema.org\/Person\" ><\/div><\/div><\/div><\/div>\n <\/section><\/div>\n<section class=\"av_textblock_section \"  itemscope=\"itemscope\" itemtype=\"https:\/\/schema.org\/BlogPosting\" itemprop=\"blogPost\" ><div class='avia_textblock  '   itemprop=\"text\" ><p style=\"text-align: justify;\">Depende de cada caso. Ambos productos son muy buenos pero el \u00e1cido nos va a dar un volumen m\u00e1s importante y m\u00e1s redondeado mientras que la hidrox\u00edapatita va a dar m\u00e1s tensi\u00f3n y menos volumen.<\/p>\n<\/div><\/section>\n<div   data-autoplay='1'  data-interval='5'  data-animation='fade'  data-hoverpause='1'  class='avia-testimonial-wrapper avia-grid-testimonials avia-grid-2-testimonials avia_animate_when_almost_visible   '>\n <section class ='avia-testimonial-row'><div class='avia-testimonial av_one_half flex_column no_margin avia-testimonial-row-1 avia-first-testimonial' ><div class='avia-testimonial_inner'  itemscope=\"itemscope\" itemtype=\"https:\/\/schema.org\/BlogPosting\" itemprop=\"blogPost\" ><div class='avia-testimonial-image'  itemprop=\"image\"  style='background-image:url(https:\/\/www.yvettepons.com\/noticias\/wp-content\/uploads\/2019\/04\/man-885223_1280-180x180.jpg);'><\/div><div class='avia-testimonial-content '  ><div class='avia-testimonial-markup-entry-content'  itemprop=\"text\" ><p style=\"text-align: justify;\"><em><strong>Soy un chico de 43 a\u00f1os y querr\u00eda operarme las orejas pero me da miedo que el postoperatorio sea demasiado complejo. \u00bfPodr\u00eda ir a trabajar a los 4 d\u00edas de la cirug\u00eda?<\/strong><\/em><\/p>\n<\/div><\/div><div class='avia-testimonial-meta'><div class='avia-testimonial-arrow-wrap'><div class='avia-arrow'><\/div><\/div><div class='avia-testimonial-meta-mini'  itemprop=\"author\" itemscope=\"itemscope\" itemtype=\"https:\/\/schema.org\/Person\" ><\/div><\/div><\/div><\/div>\n <\/section><\/div>\n<section class=\"av_textblock_section \"  itemscope=\"itemscope\" itemtype=\"https:\/\/schema.org\/BlogPosting\" itemprop=\"blogPost\" ><div class='avia_textblock  '   itemprop=\"text\" ><p style=\"text-align: justify;\">La recuperaci\u00f3n de una otoplastia suele ser muy sencilla y sin apenas dolor pero durante la primera semana, es necesario llevar una cinta que cubra las orejas las 24 horas. Si no te importa ir a trabajar con esa cinta en el pelo, podr\u00edas trabajar al cuarto d\u00eda siempre que no tengas que gacer esfuerzos f\u00edsicos.<\/p>\n<\/div><\/section>\n<div   data-autoplay='1'  data-interval='5'  data-animation='fade'  data-hoverpause='1'  class='avia-testimonial-wrapper avia-grid-testimonials avia-grid-2-testimonials avia_animate_when_almost_visible   '>\n <section class ='avia-testimonial-row'><div class='avia-testimonial av_one_half flex_column no_margin avia-testimonial-row-1 avia-first-testimonial' ><div class='avia-testimonial_inner'  itemscope=\"itemscope\" itemtype=\"https:\/\/schema.org\/BlogPosting\" itemprop=\"blogPost\" ><div class='avia-testimonial-image'  itemprop=\"image\"  style='background-image:url(https:\/\/www.yvettepons.com\/noticias\/wp-content\/uploads\/2019\/04\/stylish-916502_1280-180x180.jpg);'><\/div><div class='avia-testimonial-content '  ><div class='avia-testimonial-markup-entry-content'  itemprop=\"text\" ><p> <em><strong>Hola doctor, \u00bfEs cierto que, con el tiempo, el botox pierde su eficacia?<\/strong><\/em><\/p>\n<\/div><\/div><div class='avia-testimonial-meta'><div class='avia-testimonial-arrow-wrap'><div class='avia-arrow'><\/div><\/div><div class='avia-testimonial-meta-mini'  itemprop=\"author\" itemscope=\"itemscope\" itemtype=\"https:\/\/schema.org\/Person\" ><\/div><\/div><\/div><\/div>\n <\/section><\/div>\n<section class=\"av_textblock_section \"  itemscope=\"itemscope\" itemtype=\"https:\/\/schema.org\/BlogPosting\" itemprop=\"blogPost\" ><div class='avia_textblock  '   itemprop=\"text\" ><p style=\"text-align: justify;\">En absoluto, se trata de un tratamiento de gran efectividad y que, adem\u00e1s, genera un efecto acumulativo si se hace correctamente. Esto significa que cada vez se necesitar\u00e1n dosis menores o m\u00e1s espaciadas para conseguir el mismo resultado.<\/p>\n<\/div><\/section>\n<div   data-autoplay='1'  data-interval='5'  data-animation='fade'  data-hoverpause='1'  class='avia-testimonial-wrapper avia-grid-testimonials avia-grid-2-testimonials avia_animate_when_almost_visible   '>\n <section class ='avia-testimonial-row'><div class='avia-testimonial av_one_half flex_column no_margin avia-testimonial-row-1 avia-first-testimonial' ><div class='avia-testimonial_inner'  itemscope=\"itemscope\" itemtype=\"https:\/\/schema.org\/BlogPosting\" itemprop=\"blogPost\" ><div class='avia-testimonial-image'  itemprop=\"image\"  style='background-image:url(https:\/\/www.yvettepons.com\/noticias\/wp-content\/uploads\/2019\/04\/young-4060166_1280-180x180.jpg);'><\/div><div class='avia-testimonial-content '  ><div class='avia-testimonial-markup-entry-content'  itemprop=\"text\" ><p style=\"text-align: justify;\"><em><strong>Dr. Vernetta, quiero operarme de un aumento de pecho pero dudo mucho qu\u00e9 tipo de implante ponerme, la cicatriz, etc.. He visitado mil foros \u00bfQu\u00e9 me recomienda? Tengo 25 a\u00f1os.<\/strong><\/em><\/p>\n<\/div><\/div><div class='avia-testimonial-meta'><div class='avia-testimonial-arrow-wrap'><div class='avia-arrow'><\/div><\/div><div class='avia-testimonial-meta-mini'  itemprop=\"author\" itemscope=\"itemscope\" itemtype=\"https:\/\/schema.org\/Person\" ><\/div><\/div><\/div><\/div>\n <\/section><\/div>\n<section class=\"av_textblock_section \"  itemscope=\"itemscope\" itemtype=\"https:\/\/schema.org\/BlogPosting\" itemprop=\"blogPost\" ><div class='avia_textblock  '   itemprop=\"text\" ><p style=\"text-align: justify;\">Te recomiendo que visites a varios cirujanos pl\u00e1sticos (2 o 3), que te midan y te expliquen las posibilidades de cada tipo de implante, t\u00e9cnica y cicatriz. Finalmente debes operarte con quien te haya transmitido m\u00e1s confianza. \u00c9stas son las cosas que se resulven f\u00e1cilmente en consulta, en persona y en confianza. Los foros en internet contienen mucha informaci\u00f3n y est\u00e1n muy bien pero el asesoramiento experto es clave en nuestra profesi\u00f3n.<\/p>\n<\/div><\/section>\n<div  style='height:50px' class='hr hr-invisible   avia-builder-el-22  el_after_av_textblock  el_before_av_textblock '><span class='hr-inner ' ><span class='hr-inner-style'><\/span><\/span><\/div>\n<section class=\"av_textblock_section \"  itemscope=\"itemscope\" itemtype=\"https:\/\/schema.org\/BlogPosting\" itemprop=\"blogPost\" ><div class='avia_textblock  '   itemprop=\"text\" ><p style=\"text-align: justify;\"><strong>Nuestro especialista en cirug\u00eda pl\u00e1stica, reparadora y est\u00e9tica. Dr. Oriol Vernetta es uno de los m\u00e1ximos exponentes en nuestro pa\u00eds de la llamada \u201cNUEVA CIRUG\u00cdA EST\u00c9TICA\u201c.<\/strong><\/p>\n<p>Ha desarrollado su actividad en alguno de los centros de mayor prestigio a nivel nacional, como el Hospital Vall d\u2019Hebron, el Centro M\u00e9dico Teknon o la cl\u00ednica Diagonal de Barcelona.<\/p>\n<p>Consulta los tratamientos que ofrece en nuestro instituto visitando el siguiente enlace:<\/p>\n<p><a href=\"http:\/\/www.yvettepons.com\/es\/cirugia-plastica\/\">http:\/\/www.yvettepons.com\/es\/cirugia-plastica\/<\/a><\/p>\n<p>No dudes en ponerte en <a href=\"http:\/\/www.yvettepons.com\/contacte\/\" target=\"_blank\" rel=\"noopener noreferrer\">contacto con el Instituto<\/a> para solicitar informaci\u00f3n sin compromiso.<\/p>\n<\/div><\/section>\n<section class=\"av_textblock_section \"  itemscope=\"itemscope\" itemtype=\"https:\/\/schema.org\/BlogPosting\" itemprop=\"blogPost\" ><div class='avia_textblock  '   itemprop=\"text\" ><p> <img loading=\"lazy\" decoding=\"async\" class=\"aligncenter wp-image-3953\" src=\"http:\/\/www.yvettepons.com\/noticias\/wp-content\/uploads\/2019\/02\/l2-300x116.png\" alt=\"\" width=\"171\" height=\"66\" srcset=\"https:\/\/www.yvettepons.com\/noticias\/wp-content\/uploads\/2019\/02\/l2-300x116.png 300w, https:\/\/www.yvettepons.com\/noticias\/wp-content\/uploads\/2019\/02\/l2.png 400w\" sizes=\"auto, (max-width: 171px) 100vw, 171px\" \/><\/p>\n<p><span style=\"font-size: 18pt;\"><strong>Tel. 93 804 62 02<\/strong><\/span><\/p>\n<p><span style=\"color: #000000;\"> <a style=\"color: #000000;\" href=\"mailto:info@yvettepons.com\"><span style=\"font-family: helvetica, arial, sans-serif;\">info@yvettepons.com<\/span><\/a><\/span><\/p>\n<p><span style=\"font-family: helvetica, arial, sans-serif; color: #000000;\">Sant Mart\u00ed de Tous, 37\u00a0<\/span><br \/>\n <span style=\"font-family: helvetica, arial, sans-serif; color: #000000;\"> 08700 Igualada, Barcelona<\/span><\/p>\n<\/div><\/section>\n<div   data-autoplay=''  data-interval='5'  data-animation='fade'  data-show_slide_delay='90'  class='avia-content-slider avia-content-slider-active avia-content-slider1 avia-content-slider-odd  avia-builder-el-25  el_after_av_textblock  avia-builder-el-last  '  itemscope=\"itemscope\" itemtype=\"https:\/\/schema.org\/Blog\" ><div class='avia-content-slider-inner'><div class='slide-entry-wrap'><article class='slide-entry flex_column  post-entry post-entry-5449 slide-entry-overview slide-loop-1 slide-parity-odd  av_one_third first real-thumbnail post-format-standard'  itemscope=\"itemscope\" itemtype=\"https:\/\/schema.org\/BlogPosting\" itemprop=\"blogPost\" ><a href='https:\/\/www.yvettepons.com\/noticias\/el-poder-del-tacto-como-los-masajes-mejoran-la-salud-integral\/' data-rel='slide-1' class='slide-image' title='El Poder del Tacto: C\u00f3mo los Masajes Mejoran la Salud Integral'><img decoding=\"async\" width=\"495\" height=\"400\" src=\"https:\/\/www.yvettepons.com\/noticias\/wp-content\/uploads\/2025\/04\/Blog-YP-Abril-495x400.jpg\" class=\"wp-image-5450 avia-img-lazy-loading-not-5450 attachment-portfolio size-portfolio wp-post-image\" alt=\"\" srcset=\"https:\/\/www.yvettepons.com\/noticias\/wp-content\/uploads\/2025\/04\/Blog-YP-Abril-495x400.jpg 495w, https:\/\/www.yvettepons.com\/noticias\/wp-content\/uploads\/2025\/04\/Blog-YP-Abril-845x684.jpg 845w\" sizes=\"(max-width: 495px) 100vw, 495px\" \/><\/a><div class='slide-content'><header class=\"entry-content-header\"><span class=\"blog-categories minor-meta\"><a href=\"https:\/\/www.yvettepons.com\/noticias\/category\/personal\/\" rel=\"tag\">Personal<\/a>, <a href=\"https:\/\/www.yvettepons.com\/noticias\/category\/salud\/\" rel=\"tag\">Salud<\/a>, <a href=\"https:\/\/www.yvettepons.com\/noticias\/category\/tractaments\/\" rel=\"tag\">Tratamientos<\/a> <\/span><h3 class='slide-entry-title entry-title '  itemprop=\"headline\" ><a href='https:\/\/www.yvettepons.com\/noticias\/el-poder-del-tacto-como-los-masajes-mejoran-la-salud-integral\/' title='El Poder del Tacto: C\u00f3mo los Masajes Mejoran la Salud Integral'>El Poder del Tacto: C\u00f3mo los Masajes Mejoran la Salud Integral<\/a><\/h3><span class=\"av-vertical-delimiter\"><\/span><\/header><\/div><footer class=\"entry-footer\"><\/footer><span class='hidden'>\n\t\t\t\t<span class='av-structured-data'  itemprop=\"image\" itemscope=\"itemscope\" itemtype=\"https:\/\/schema.org\/ImageObject\" >\n\t\t\t\t\t\t<span itemprop='url'>https:\/\/www.yvettepons.com\/noticias\/wp-content\/uploads\/2025\/04\/Blog-YP-Abril.jpg<\/span>\n\t\t\t\t\t\t<span itemprop='height'>1295<\/span>\n\t\t\t\t\t\t<span itemprop='width'>1447<\/span>\n\t\t\t\t<\/span>\n\t\t\t\t<span class='av-structured-data'  itemprop=\"publisher\" itemtype=\"https:\/\/schema.org\/Organization\" itemscope=\"itemscope\" >\n\t\t\t\t\t\t<span itemprop='name'>yvette<\/span>\n\t\t\t\t\t\t<span itemprop='logo' itemscope itemtype='https:\/\/schema.org\/ImageObject'>\n\t\t\t\t\t\t\t<span itemprop='url'>http:\/\/www.yvettepons.com\/noticias\/wp-content\/uploads\/2022\/09\/XX-1030x567.png<\/span>\n\t\t\t\t\t\t <\/span>\n\t\t\t\t<\/span><span class='av-structured-data'  itemprop=\"author\" itemscope=\"itemscope\" itemtype=\"https:\/\/schema.org\/Person\" ><span itemprop='name'>yvette<\/span><\/span><span class='av-structured-data'  itemprop=\"datePublished\" datetime=\"2019-04-12T09:13:20+02:00\" >2025-04-14 09:31:05<\/span><span class='av-structured-data'  itemprop=\"dateModified\" itemtype=\"https:\/\/schema.org\/dateModified\" >2025-04-14 09:31:38<\/span><span class='av-structured-data'  itemprop=\"mainEntityOfPage\" itemtype=\"https:\/\/schema.org\/mainEntityOfPage\" ><span itemprop='name'>El Poder del Tacto: C\u00f3mo los Masajes Mejoran la Salud Integral<\/span><\/span><\/span><\/article><article class='slide-entry flex_column  post-entry post-entry-5298 slide-entry-overview slide-loop-2 slide-parity-even  av_one_third  real-thumbnail post-format-standard'  itemscope=\"itemscope\" itemtype=\"https:\/\/schema.org\/BlogPosting\" itemprop=\"blogPost\" ><a href='https:\/\/www.yvettepons.com\/noticias\/la-excelencia-tus-manos-poder-la-juventud-facial-yv-lyfth-by-yvette-pons\/' data-rel='slide-1' class='slide-image' title='La excelencia en tus manos, el poder de la juventud, FACIAL YV-LYFTH\u00ae by Yvette Pons'><img decoding=\"async\" width=\"495\" height=\"400\" src=\"https:\/\/www.yvettepons.com\/noticias\/wp-content\/uploads\/2023\/01\/image00014-495x400.jpeg\" class=\"wp-image-5300 avia-img-lazy-loading-not-5300 attachment-portfolio size-portfolio wp-post-image\" alt=\"\" srcset=\"https:\/\/www.yvettepons.com\/noticias\/wp-content\/uploads\/2023\/01\/image00014-495x400.jpeg 495w, https:\/\/www.yvettepons.com\/noticias\/wp-content\/uploads\/2023\/01\/image00014-845x684.jpeg 845w\" sizes=\"(max-width: 495px) 100vw, 495px\" \/><\/a><div class='slide-content'><header class=\"entry-content-header\"><span class=\"blog-categories minor-meta\"><a href=\"https:\/\/www.yvettepons.com\/noticias\/category\/tractaments\/\" rel=\"tag\">Tratamientos<\/a> <\/span><h3 class='slide-entry-title entry-title '  itemprop=\"headline\" ><a href='https:\/\/www.yvettepons.com\/noticias\/la-excelencia-tus-manos-poder-la-juventud-facial-yv-lyfth-by-yvette-pons\/' title='La excelencia en tus manos, el poder de la juventud, FACIAL YV-LYFTH\u00ae by Yvette Pons'>La excelencia en tus manos, el poder de la juventud, FACIAL YV-LYFTH\u00ae by Yvette Pons<\/a><\/h3><span class=\"av-vertical-delimiter\"><\/span><\/header><\/div><footer class=\"entry-footer\"><\/footer><span class='hidden'>\n\t\t\t\t<span class='av-structured-data'  itemprop=\"image\" itemscope=\"itemscope\" itemtype=\"https:\/\/schema.org\/ImageObject\" >\n\t\t\t\t\t\t<span itemprop='url'>https:\/\/www.yvettepons.com\/noticias\/wp-content\/uploads\/2023\/01\/image00014-scaled-e1673509526637.jpeg<\/span>\n\t\t\t\t\t\t<span itemprop='height'>1333<\/span>\n\t\t\t\t\t\t<span itemprop='width'>1000<\/span>\n\t\t\t\t<\/span>\n\t\t\t\t<span class='av-structured-data'  itemprop=\"publisher\" itemtype=\"https:\/\/schema.org\/Organization\" itemscope=\"itemscope\" >\n\t\t\t\t\t\t<span itemprop='name'>yvette<\/span>\n\t\t\t\t\t\t<span itemprop='logo' itemscope itemtype='https:\/\/schema.org\/ImageObject'>\n\t\t\t\t\t\t\t<span itemprop='url'>http:\/\/www.yvettepons.com\/noticias\/wp-content\/uploads\/2022\/09\/XX-1030x567.png<\/span>\n\t\t\t\t\t\t <\/span>\n\t\t\t\t<\/span><span class='av-structured-data'  itemprop=\"author\" itemscope=\"itemscope\" itemtype=\"https:\/\/schema.org\/Person\" ><span itemprop='name'>yvette<\/span><\/span><span class='av-structured-data'  itemprop=\"datePublished\" datetime=\"2019-04-12T09:13:20+02:00\" >2023-01-12 07:45:52<\/span><span class='av-structured-data'  itemprop=\"dateModified\" itemtype=\"https:\/\/schema.org\/dateModified\" >2023-01-12 07:46:50<\/span><span class='av-structured-data'  itemprop=\"mainEntityOfPage\" itemtype=\"https:\/\/schema.org\/mainEntityOfPage\" ><span itemprop='name'>La excelencia en tus manos, el poder de la juventud, FACIAL YV-LYFTH\u00ae by Yvette Pons<\/span><\/span><\/span><\/article><article class='slide-entry flex_column  post-entry post-entry-5293 slide-entry-overview slide-loop-3 slide-parity-odd  av_one_third  real-thumbnail post-format-standard'  itemscope=\"itemscope\" itemtype=\"https:\/\/schema.org\/BlogPosting\" itemprop=\"blogPost\" ><a href='https:\/\/www.yvettepons.com\/noticias\/yv-lyfth-la-nueva-terapia-yvette-pons\/' data-rel='slide-1' class='slide-image' title='YV-LYFTH\u00ae, la NUEVA TERAPIA de Yvette Pons\u2028'><img decoding=\"async\" width=\"495\" height=\"400\" src=\"https:\/\/www.yvettepons.com\/noticias\/wp-content\/uploads\/2022\/12\/Yvette_terapia-manual-495x400.jpeg\" class=\"wp-image-5296 avia-img-lazy-loading-not-5296 attachment-portfolio size-portfolio wp-post-image\" alt=\"\" srcset=\"https:\/\/www.yvettepons.com\/noticias\/wp-content\/uploads\/2022\/12\/Yvette_terapia-manual-495x400.jpeg 495w, https:\/\/www.yvettepons.com\/noticias\/wp-content\/uploads\/2022\/12\/Yvette_terapia-manual-845x684.jpeg 845w\" sizes=\"(max-width: 495px) 100vw, 495px\" \/><\/a><div class='slide-content'><header class=\"entry-content-header\"><span class=\"blog-categories minor-meta\"><a href=\"https:\/\/www.yvettepons.com\/noticias\/category\/tractaments\/\" rel=\"tag\">Tratamientos<\/a> <\/span><h3 class='slide-entry-title entry-title '  itemprop=\"headline\" ><a href='https:\/\/www.yvettepons.com\/noticias\/yv-lyfth-la-nueva-terapia-yvette-pons\/' title='YV-LYFTH\u00ae, la NUEVA TERAPIA de Yvette Pons\u2028'>YV-LYFTH\u00ae, la NUEVA TERAPIA de Yvette Pons\u2028<\/a><\/h3><span class=\"av-vertical-delimiter\"><\/span><\/header><\/div><footer class=\"entry-footer\"><\/footer><span class='hidden'>\n\t\t\t\t<span class='av-structured-data'  itemprop=\"image\" itemscope=\"itemscope\" itemtype=\"https:\/\/schema.org\/ImageObject\" >\n\t\t\t\t\t\t<span itemprop='url'>https:\/\/www.yvettepons.com\/noticias\/wp-content\/uploads\/2022\/12\/Yvette_terapia-manual-scaled.jpeg<\/span>\n\t\t\t\t\t\t<span itemprop='height'>2560<\/span>\n\t\t\t\t\t\t<span itemprop='width'>2387<\/span>\n\t\t\t\t<\/span>\n\t\t\t\t<span class='av-structured-data'  itemprop=\"publisher\" itemtype=\"https:\/\/schema.org\/Organization\" itemscope=\"itemscope\" >\n\t\t\t\t\t\t<span itemprop='name'>yvette<\/span>\n\t\t\t\t\t\t<span itemprop='logo' itemscope itemtype='https:\/\/schema.org\/ImageObject'>\n\t\t\t\t\t\t\t<span itemprop='url'>http:\/\/www.yvettepons.com\/noticias\/wp-content\/uploads\/2022\/09\/XX-1030x567.png<\/span>\n\t\t\t\t\t\t <\/span>\n\t\t\t\t<\/span><span class='av-structured-data'  itemprop=\"author\" itemscope=\"itemscope\" itemtype=\"https:\/\/schema.org\/Person\" ><span itemprop='name'>yvette<\/span><\/span><span class='av-structured-data'  itemprop=\"datePublished\" datetime=\"2019-04-12T09:13:20+02:00\" >2022-12-12 13:16:19<\/span><span class='av-structured-data'  itemprop=\"dateModified\" itemtype=\"https:\/\/schema.org\/dateModified\" >2023-01-12 07:47:05<\/span><span class='av-structured-data'  itemprop=\"mainEntityOfPage\" itemtype=\"https:\/\/schema.org\/mainEntityOfPage\" ><span itemprop='name'>YV-LYFTH\u00ae, la NUEVA TERAPIA de Yvette Pons\u2028<\/span><\/span><\/span><\/article><\/div><div class='slide-entry-wrap'><article class='slide-entry flex_column  post-entry post-entry-5103 slide-entry-overview slide-loop-4 slide-parity-odd  av_one_third first real-thumbnail post-format-standard'  itemscope=\"itemscope\" itemtype=\"https:\/\/schema.org\/BlogPosting\" itemprop=\"blogPost\" ><a href='https:\/\/www.yvettepons.com\/noticias\/eliminar-la-grasa-localizada-cuerpo\/' data-rel='slide-1' class='slide-image' title='\u00bfC\u00d3MO ELIMINAR LA GRASA LOCALIZADA DE TU CUERPO?'><img decoding=\"async\" width=\"495\" height=\"400\" src=\"https:\/\/www.yvettepons.com\/noticias\/wp-content\/uploads\/2020\/02\/Salto-495x400.jpg\" class=\"wp-image-5105 avia-img-lazy-loading-not-5105 attachment-portfolio size-portfolio wp-post-image\" alt=\"\" srcset=\"https:\/\/www.yvettepons.com\/noticias\/wp-content\/uploads\/2020\/02\/Salto-495x400.jpg 495w, https:\/\/www.yvettepons.com\/noticias\/wp-content\/uploads\/2020\/02\/Salto-845x684.jpg 845w\" sizes=\"(max-width: 495px) 100vw, 495px\" \/><\/a><div class='slide-content'><header class=\"entry-content-header\"><span class=\"blog-categories minor-meta\"><a href=\"https:\/\/www.yvettepons.com\/noticias\/category\/salud\/\" rel=\"tag\">Salud<\/a>, <a href=\"https:\/\/www.yvettepons.com\/noticias\/category\/serveis\/\" rel=\"tag\">Servicios<\/a>, <a href=\"https:\/\/www.yvettepons.com\/noticias\/category\/tractaments\/\" rel=\"tag\">Tratamientos<\/a> <\/span><h3 class='slide-entry-title entry-title '  itemprop=\"headline\" ><a href='https:\/\/www.yvettepons.com\/noticias\/eliminar-la-grasa-localizada-cuerpo\/' title='\u00bfC\u00d3MO ELIMINAR LA GRASA LOCALIZADA DE TU CUERPO?'>\u00bfC\u00d3MO ELIMINAR LA GRASA LOCALIZADA DE TU CUERPO?<\/a><\/h3><span class=\"av-vertical-delimiter\"><\/span><\/header><\/div><footer class=\"entry-footer\"><\/footer><span class='hidden'>\n\t\t\t\t<span class='av-structured-data'  itemprop=\"image\" itemscope=\"itemscope\" itemtype=\"https:\/\/schema.org\/ImageObject\" >\n\t\t\t\t\t\t<span itemprop='url'>https:\/\/www.yvettepons.com\/noticias\/wp-content\/uploads\/2020\/02\/Salto.jpg<\/span>\n\t\t\t\t\t\t<span itemprop='height'>1000<\/span>\n\t\t\t\t\t\t<span itemprop='width'>1631<\/span>\n\t\t\t\t<\/span>\n\t\t\t\t<span class='av-structured-data'  itemprop=\"publisher\" itemtype=\"https:\/\/schema.org\/Organization\" itemscope=\"itemscope\" >\n\t\t\t\t\t\t<span itemprop='name'>yvette<\/span>\n\t\t\t\t\t\t<span itemprop='logo' itemscope itemtype='https:\/\/schema.org\/ImageObject'>\n\t\t\t\t\t\t\t<span itemprop='url'>http:\/\/www.yvettepons.com\/noticias\/wp-content\/uploads\/2022\/09\/XX-1030x567.png<\/span>\n\t\t\t\t\t\t <\/span>\n\t\t\t\t<\/span><span class='av-structured-data'  itemprop=\"author\" itemscope=\"itemscope\" itemtype=\"https:\/\/schema.org\/Person\" ><span itemprop='name'>yvette<\/span><\/span><span class='av-structured-data'  itemprop=\"datePublished\" datetime=\"2019-04-12T09:13:20+02:00\" >2020-02-21 08:20:22<\/span><span class='av-structured-data'  itemprop=\"dateModified\" itemtype=\"https:\/\/schema.org\/dateModified\" >2020-02-21 08:20:22<\/span><span class='av-structured-data'  itemprop=\"mainEntityOfPage\" itemtype=\"https:\/\/schema.org\/mainEntityOfPage\" ><span itemprop='name'>\u00bfC\u00d3MO ELIMINAR LA GRASA LOCALIZADA DE TU CUERPO?<\/span><\/span><\/span><\/article><article class='slide-entry flex_column  post-entry post-entry-5091 slide-entry-overview slide-loop-5 slide-parity-even  av_one_third  real-thumbnail post-format-standard'  itemscope=\"itemscope\" itemtype=\"https:\/\/schema.org\/BlogPosting\" itemprop=\"blogPost\" ><a href='https:\/\/www.yvettepons.com\/noticias\/invierno-la-mejor-epoca-tratar-manchas-varices\/' data-rel='slide-1' class='slide-image' title='INVIERNO, LA MEJOR \u00c9POCA PARA TRATAR MANCHAS Y VARICES'><img decoding=\"async\" width=\"495\" height=\"400\" src=\"https:\/\/www.yvettepons.com\/noticias\/wp-content\/uploads\/2020\/01\/winter-495x400.jpg\" class=\"wp-image-5092 avia-img-lazy-loading-not-5092 attachment-portfolio size-portfolio wp-post-image\" alt=\"\" srcset=\"https:\/\/www.yvettepons.com\/noticias\/wp-content\/uploads\/2020\/01\/winter-495x400.jpg 495w, https:\/\/www.yvettepons.com\/noticias\/wp-content\/uploads\/2020\/01\/winter-845x684.jpg 845w\" sizes=\"(max-width: 495px) 100vw, 495px\" \/><\/a><div class='slide-content'><header class=\"entry-content-header\"><span class=\"blog-categories minor-meta\"><a href=\"https:\/\/www.yvettepons.com\/noticias\/category\/salud\/\" rel=\"tag\">Salud<\/a>, <a href=\"https:\/\/www.yvettepons.com\/noticias\/category\/tractaments\/\" rel=\"tag\">Tratamientos<\/a> <\/span><h3 class='slide-entry-title entry-title '  itemprop=\"headline\" ><a href='https:\/\/www.yvettepons.com\/noticias\/invierno-la-mejor-epoca-tratar-manchas-varices\/' title='INVIERNO, LA MEJOR \u00c9POCA PARA TRATAR MANCHAS Y VARICES'>INVIERNO, LA MEJOR \u00c9POCA PARA TRATAR MANCHAS Y VARICES<\/a><\/h3><span class=\"av-vertical-delimiter\"><\/span><\/header><\/div><footer class=\"entry-footer\"><\/footer><span class='hidden'>\n\t\t\t\t<span class='av-structured-data'  itemprop=\"image\" itemscope=\"itemscope\" itemtype=\"https:\/\/schema.org\/ImageObject\" >\n\t\t\t\t\t\t<span itemprop='url'>https:\/\/www.yvettepons.com\/noticias\/wp-content\/uploads\/2020\/01\/winter-e1579854077248.jpg<\/span>\n\t\t\t\t\t\t<span itemprop='height'>566<\/span>\n\t\t\t\t\t\t<span itemprop='width'>800<\/span>\n\t\t\t\t<\/span>\n\t\t\t\t<span class='av-structured-data'  itemprop=\"publisher\" itemtype=\"https:\/\/schema.org\/Organization\" itemscope=\"itemscope\" >\n\t\t\t\t\t\t<span itemprop='name'>yvette<\/span>\n\t\t\t\t\t\t<span itemprop='logo' itemscope itemtype='https:\/\/schema.org\/ImageObject'>\n\t\t\t\t\t\t\t<span itemprop='url'>http:\/\/www.yvettepons.com\/noticias\/wp-content\/uploads\/2022\/09\/XX-1030x567.png<\/span>\n\t\t\t\t\t\t <\/span>\n\t\t\t\t<\/span><span class='av-structured-data'  itemprop=\"author\" itemscope=\"itemscope\" itemtype=\"https:\/\/schema.org\/Person\" ><span itemprop='name'>yvette<\/span><\/span><span class='av-structured-data'  itemprop=\"datePublished\" datetime=\"2019-04-12T09:13:20+02:00\" >2020-01-24 08:24:48<\/span><span class='av-structured-data'  itemprop=\"dateModified\" itemtype=\"https:\/\/schema.org\/dateModified\" >2020-01-24 08:28:03<\/span><span class='av-structured-data'  itemprop=\"mainEntityOfPage\" itemtype=\"https:\/\/schema.org\/mainEntityOfPage\" ><span itemprop='name'>INVIERNO, LA MEJOR \u00c9POCA PARA TRATAR MANCHAS Y VARICES<\/span><\/span><\/span><\/article><article class='slide-entry flex_column  post-entry post-entry-4993 slide-entry-overview slide-loop-6 slide-parity-odd  av_one_third  real-thumbnail post-format-standard'  itemscope=\"itemscope\" itemtype=\"https:\/\/schema.org\/BlogPosting\" itemprop=\"blogPost\" ><a href='https:\/\/www.yvettepons.com\/noticias\/regala-belleza-esta-navidad-instituto-estetica-yvette-pons\/' data-rel='slide-1' class='slide-image' title='REGALA BELLEZA ESTA NAVIDAD EN EL INSTITUTO DE EST\u00c9TICA YVETTE PONS'><img decoding=\"async\" width=\"495\" height=\"400\" src=\"https:\/\/www.yvettepons.com\/noticias\/wp-content\/uploads\/2019\/12\/Copia-de-Copia-de-Sin-t\u00edtulo-2-495x400.png\" class=\"wp-image-5030 avia-img-lazy-loading-not-5030 attachment-portfolio size-portfolio wp-post-image\" alt=\"\" srcset=\"https:\/\/www.yvettepons.com\/noticias\/wp-content\/uploads\/2019\/12\/Copia-de-Copia-de-Sin-t\u00edtulo-2-495x400.png 495w, https:\/\/www.yvettepons.com\/noticias\/wp-content\/uploads\/2019\/12\/Copia-de-Copia-de-Sin-t\u00edtulo-2-845x684.png 845w\" sizes=\"(max-width: 495px) 100vw, 495px\" \/><\/a><div class='slide-content'><header class=\"entry-content-header\"><span class=\"blog-categories minor-meta\"><a href=\"https:\/\/www.yvettepons.com\/noticias\/category\/actualitat\/\" rel=\"tag\">Actualidad<\/a>, <a href=\"https:\/\/www.yvettepons.com\/noticias\/category\/tractaments\/\" rel=\"tag\">Tratamientos<\/a> <\/span><h3 class='slide-entry-title entry-title '  itemprop=\"headline\" ><a href='https:\/\/www.yvettepons.com\/noticias\/regala-belleza-esta-navidad-instituto-estetica-yvette-pons\/' title='REGALA BELLEZA ESTA NAVIDAD EN EL INSTITUTO DE EST\u00c9TICA YVETTE PONS'>REGALA BELLEZA ESTA NAVIDAD EN EL INSTITUTO DE EST\u00c9TICA YVETTE PONS<\/a><\/h3><span class=\"av-vertical-delimiter\"><\/span><\/header><\/div><footer class=\"entry-footer\"><\/footer><span class='hidden'>\n\t\t\t\t<span class='av-structured-data'  itemprop=\"image\" itemscope=\"itemscope\" itemtype=\"https:\/\/schema.org\/ImageObject\" >\n\t\t\t\t\t\t<span itemprop='url'>https:\/\/www.yvettepons.com\/noticias\/wp-content\/uploads\/2019\/12\/Copia-de-Copia-de-Sin-t\u00edtulo-2.png<\/span>\n\t\t\t\t\t\t<span itemprop='height'>1080<\/span>\n\t\t\t\t\t\t<span itemprop='width'>1080<\/span>\n\t\t\t\t<\/span>\n\t\t\t\t<span class='av-structured-data'  itemprop=\"publisher\" itemtype=\"https:\/\/schema.org\/Organization\" itemscope=\"itemscope\" >\n\t\t\t\t\t\t<span itemprop='name'>yvette<\/span>\n\t\t\t\t\t\t<span itemprop='logo' itemscope itemtype='https:\/\/schema.org\/ImageObject'>\n\t\t\t\t\t\t\t<span itemprop='url'>http:\/\/www.yvettepons.com\/noticias\/wp-content\/uploads\/2022\/09\/XX-1030x567.png<\/span>\n\t\t\t\t\t\t <\/span>\n\t\t\t\t<\/span><span class='av-structured-data'  itemprop=\"author\" itemscope=\"itemscope\" itemtype=\"https:\/\/schema.org\/Person\" ><span itemprop='name'>yvette<\/span><\/span><span class='av-structured-data'  itemprop=\"datePublished\" datetime=\"2019-04-12T09:13:20+02:00\" >2019-12-13 10:46:15<\/span><span class='av-structured-data'  itemprop=\"dateModified\" itemtype=\"https:\/\/schema.org\/dateModified\" >2019-12-13 11:13:33<\/span><span class='av-structured-data'  itemprop=\"mainEntityOfPage\" itemtype=\"https:\/\/schema.org\/mainEntityOfPage\" ><span itemprop='name'>REGALA BELLEZA ESTA NAVIDAD EN EL INSTITUTO DE EST\u00c9TICA YVETTE PONS<\/span><\/span><\/span><\/article><\/div><div class='slide-entry-wrap'><article class='slide-entry flex_column  post-entry post-entry-4719 slide-entry-overview slide-loop-7 slide-parity-odd  av_one_third first real-thumbnail post-format-standard'  itemscope=\"itemscope\" itemtype=\"https:\/\/schema.org\/BlogPosting\" itemprop=\"blogPost\" ><a href='https:\/\/www.yvettepons.com\/noticias\/tecnologias-que-con-la-luz-logran-grandes-resultados\/' data-rel='slide-1' class='slide-image' title='Tecnolog\u00edas, que con la LUZ, logran grandes resultados'><img decoding=\"async\" width=\"495\" height=\"400\" src=\"https:\/\/www.yvettepons.com\/noticias\/wp-content\/uploads\/2019\/11\/Dise\u00f1o-sin-t\u00edtulo-83-495x400.png\" class=\"wp-image-4735 avia-img-lazy-loading-not-4735 attachment-portfolio size-portfolio wp-post-image\" alt=\"\" srcset=\"https:\/\/www.yvettepons.com\/noticias\/wp-content\/uploads\/2019\/11\/Dise\u00f1o-sin-t\u00edtulo-83-495x400.png 495w, https:\/\/www.yvettepons.com\/noticias\/wp-content\/uploads\/2019\/11\/Dise\u00f1o-sin-t\u00edtulo-83-845x684.png 845w\" sizes=\"(max-width: 495px) 100vw, 495px\" \/><\/a><div class='slide-content'><header class=\"entry-content-header\"><span class=\"blog-categories minor-meta\"><a href=\"https:\/\/www.yvettepons.com\/noticias\/category\/actualitat\/\" rel=\"tag\">Actualidad<\/a>, <a href=\"https:\/\/www.yvettepons.com\/noticias\/category\/serveis\/\" rel=\"tag\">Servicios<\/a>, <a href=\"https:\/\/www.yvettepons.com\/noticias\/category\/tractaments\/\" rel=\"tag\">Tratamientos<\/a> <\/span><h3 class='slide-entry-title entry-title '  itemprop=\"headline\" ><a href='https:\/\/www.yvettepons.com\/noticias\/tecnologias-que-con-la-luz-logran-grandes-resultados\/' title='Tecnolog\u00edas, que con la LUZ, logran grandes resultados'>Tecnolog\u00edas, que con la LUZ, logran grandes resultados<\/a><\/h3><span class=\"av-vertical-delimiter\"><\/span><\/header><\/div><footer class=\"entry-footer\"><\/footer><span class='hidden'>\n\t\t\t\t<span class='av-structured-data'  itemprop=\"image\" itemscope=\"itemscope\" itemtype=\"https:\/\/schema.org\/ImageObject\" >\n\t\t\t\t\t\t<span itemprop='url'>https:\/\/www.yvettepons.com\/noticias\/wp-content\/uploads\/2019\/11\/Dise\u00f1o-sin-t\u00edtulo-83.png<\/span>\n\t\t\t\t\t\t<span itemprop='height'>1080<\/span>\n\t\t\t\t\t\t<span itemprop='width'>1080<\/span>\n\t\t\t\t<\/span>\n\t\t\t\t<span class='av-structured-data'  itemprop=\"publisher\" itemtype=\"https:\/\/schema.org\/Organization\" itemscope=\"itemscope\" >\n\t\t\t\t\t\t<span itemprop='name'>yvette<\/span>\n\t\t\t\t\t\t<span itemprop='logo' itemscope itemtype='https:\/\/schema.org\/ImageObject'>\n\t\t\t\t\t\t\t<span itemprop='url'>http:\/\/www.yvettepons.com\/noticias\/wp-content\/uploads\/2022\/09\/XX-1030x567.png<\/span>\n\t\t\t\t\t\t <\/span>\n\t\t\t\t<\/span><span class='av-structured-data'  itemprop=\"author\" itemscope=\"itemscope\" itemtype=\"https:\/\/schema.org\/Person\" ><span itemprop='name'>yvette<\/span><\/span><span class='av-structured-data'  itemprop=\"datePublished\" datetime=\"2019-04-12T09:13:20+02:00\" >2019-11-22 10:09:51<\/span><span class='av-structured-data'  itemprop=\"dateModified\" itemtype=\"https:\/\/schema.org\/dateModified\" >2019-11-22 10:11:38<\/span><span class='av-structured-data'  itemprop=\"mainEntityOfPage\" itemtype=\"https:\/\/schema.org\/mainEntityOfPage\" ><span itemprop='name'>Tecnolog\u00edas, que con la LUZ, logran grandes resultados<\/span><\/span><\/span><\/article><article class='slide-entry flex_column  post-entry post-entry-4694 slide-entry-overview slide-loop-8 slide-parity-even  av_one_third  real-thumbnail post-format-standard'  itemscope=\"itemscope\" itemtype=\"https:\/\/schema.org\/BlogPosting\" itemprop=\"blogPost\" ><a href='https:\/\/www.yvettepons.com\/noticias\/3-radiance\/' data-rel='slide-1' class='slide-image' title='3 RADIANCE'><img decoding=\"async\" width=\"495\" height=\"400\" src=\"https:\/\/www.yvettepons.com\/noticias\/wp-content\/uploads\/2019\/11\/Copia-de-Dise\u00f1o-sin-t\u00edtulo-9-495x400.png\" class=\"wp-image-4714 avia-img-lazy-loading-not-4714 attachment-portfolio size-portfolio wp-post-image\" alt=\"\" srcset=\"https:\/\/www.yvettepons.com\/noticias\/wp-content\/uploads\/2019\/11\/Copia-de-Dise\u00f1o-sin-t\u00edtulo-9-495x400.png 495w, https:\/\/www.yvettepons.com\/noticias\/wp-content\/uploads\/2019\/11\/Copia-de-Dise\u00f1o-sin-t\u00edtulo-9-845x684.png 845w\" sizes=\"(max-width: 495px) 100vw, 495px\" \/><\/a><div class='slide-content'><header class=\"entry-content-header\"><span class=\"blog-categories minor-meta\"><a href=\"https:\/\/www.yvettepons.com\/noticias\/category\/productes-2\/\" rel=\"tag\">Productos Yvette Pons<\/a>, <a href=\"https:\/\/www.yvettepons.com\/noticias\/category\/tractaments\/\" rel=\"tag\">Tratamientos<\/a> <\/span><h3 class='slide-entry-title entry-title '  itemprop=\"headline\" ><a href='https:\/\/www.yvettepons.com\/noticias\/3-radiance\/' title='3 RADIANCE'>3 RADIANCE<\/a><\/h3><span class=\"av-vertical-delimiter\"><\/span><\/header><\/div><footer class=\"entry-footer\"><\/footer><span class='hidden'>\n\t\t\t\t<span class='av-structured-data'  itemprop=\"image\" itemscope=\"itemscope\" itemtype=\"https:\/\/schema.org\/ImageObject\" >\n\t\t\t\t\t\t<span itemprop='url'>https:\/\/www.yvettepons.com\/noticias\/wp-content\/uploads\/2019\/11\/Copia-de-Dise\u00f1o-sin-t\u00edtulo-9.png<\/span>\n\t\t\t\t\t\t<span itemprop='height'>1080<\/span>\n\t\t\t\t\t\t<span itemprop='width'>1080<\/span>\n\t\t\t\t<\/span>\n\t\t\t\t<span class='av-structured-data'  itemprop=\"publisher\" itemtype=\"https:\/\/schema.org\/Organization\" itemscope=\"itemscope\" >\n\t\t\t\t\t\t<span itemprop='name'>yvette<\/span>\n\t\t\t\t\t\t<span itemprop='logo' itemscope itemtype='https:\/\/schema.org\/ImageObject'>\n\t\t\t\t\t\t\t<span itemprop='url'>http:\/\/www.yvettepons.com\/noticias\/wp-content\/uploads\/2022\/09\/XX-1030x567.png<\/span>\n\t\t\t\t\t\t <\/span>\n\t\t\t\t<\/span><span class='av-structured-data'  itemprop=\"author\" itemscope=\"itemscope\" itemtype=\"https:\/\/schema.org\/Person\" ><span itemprop='name'>yvette<\/span><\/span><span class='av-structured-data'  itemprop=\"datePublished\" datetime=\"2019-04-12T09:13:20+02:00\" >2019-11-15 09:32:09<\/span><span class='av-structured-data'  itemprop=\"dateModified\" itemtype=\"https:\/\/schema.org\/dateModified\" >2019-11-15 10:07:10<\/span><span class='av-structured-data'  itemprop=\"mainEntityOfPage\" itemtype=\"https:\/\/schema.org\/mainEntityOfPage\" ><span itemprop='name'>3 RADIANCE<\/span><\/span><\/span><\/article><article class='slide-entry flex_column  post-entry post-entry-4655 slide-entry-overview slide-loop-9 slide-parity-odd  post-entry-last  av_one_third  real-thumbnail post-format-standard'  itemscope=\"itemscope\" itemtype=\"https:\/\/schema.org\/BlogPosting\" itemprop=\"blogPost\" ><a href='https:\/\/www.yvettepons.com\/noticias\/remodelacion-corporal-y-facial-en-yvette-pons\/' data-rel='slide-1' class='slide-image' title='REMODELACI\u00d3N CORPORAL Y FACIAL EN YVETTE PONS'><img decoding=\"async\" width=\"495\" height=\"400\" src=\"https:\/\/www.yvettepons.com\/noticias\/wp-content\/uploads\/2019\/11\/Dise\u00f1o-sin-t\u00edtulo-72-495x400.png\" class=\"wp-image-4665 avia-img-lazy-loading-not-4665 attachment-portfolio size-portfolio wp-post-image\" alt=\"\" srcset=\"https:\/\/www.yvettepons.com\/noticias\/wp-content\/uploads\/2019\/11\/Dise\u00f1o-sin-t\u00edtulo-72-495x400.png 495w, https:\/\/www.yvettepons.com\/noticias\/wp-content\/uploads\/2019\/11\/Dise\u00f1o-sin-t\u00edtulo-72-845x684.png 845w\" sizes=\"(max-width: 495px) 100vw, 495px\" \/><\/a><div class='slide-content'><header class=\"entry-content-header\"><span class=\"blog-categories minor-meta\"><a href=\"https:\/\/www.yvettepons.com\/noticias\/category\/productes-2\/\" rel=\"tag\">Productos Yvette Pons<\/a>, <a href=\"https:\/\/www.yvettepons.com\/noticias\/category\/tractaments\/\" rel=\"tag\">Tratamientos<\/a> <\/span><h3 class='slide-entry-title entry-title '  itemprop=\"headline\" ><a href='https:\/\/www.yvettepons.com\/noticias\/remodelacion-corporal-y-facial-en-yvette-pons\/' title='REMODELACI\u00d3N CORPORAL Y FACIAL EN YVETTE PONS'>REMODELACI\u00d3N CORPORAL Y FACIAL EN YVETTE PONS<\/a><\/h3><span class=\"av-vertical-delimiter\"><\/span><\/header><\/div><footer class=\"entry-footer\"><\/footer><span class='hidden'>\n\t\t\t\t<span class='av-structured-data'  itemprop=\"image\" itemscope=\"itemscope\" itemtype=\"https:\/\/schema.org\/ImageObject\" >\n\t\t\t\t\t\t<span itemprop='url'>https:\/\/www.yvettepons.com\/noticias\/wp-content\/uploads\/2019\/11\/Dise\u00f1o-sin-t\u00edtulo-72.png<\/span>\n\t\t\t\t\t\t<span itemprop='height'>1080<\/span>\n\t\t\t\t\t\t<span itemprop='width'>1080<\/span>\n\t\t\t\t<\/span>\n\t\t\t\t<span class='av-structured-data'  itemprop=\"publisher\" itemtype=\"https:\/\/schema.org\/Organization\" itemscope=\"itemscope\" >\n\t\t\t\t\t\t<span itemprop='name'>yvette<\/span>\n\t\t\t\t\t\t<span itemprop='logo' itemscope itemtype='https:\/\/schema.org\/ImageObject'>\n\t\t\t\t\t\t\t<span itemprop='url'>http:\/\/www.yvettepons.com\/noticias\/wp-content\/uploads\/2022\/09\/XX-1030x567.png<\/span>\n\t\t\t\t\t\t <\/span>\n\t\t\t\t<\/span><span class='av-structured-data'  itemprop=\"author\" itemscope=\"itemscope\" itemtype=\"https:\/\/schema.org\/Person\" ><span itemprop='name'>yvette<\/span><\/span><span class='av-structured-data'  itemprop=\"datePublished\" datetime=\"2019-04-12T09:13:20+02:00\" >2019-11-08 10:28:02<\/span><span class='av-structured-data'  itemprop=\"dateModified\" itemtype=\"https:\/\/schema.org\/dateModified\" >2019-11-08 10:29:27<\/span><span class='av-structured-data'  itemprop=\"mainEntityOfPage\" itemtype=\"https:\/\/schema.org\/mainEntityOfPage\" ><span itemprop='name'>REMODELACI\u00d3N CORPORAL Y FACIAL EN YVETTE PONS<\/span><\/span><\/span><\/article><\/div><\/div><div class='avia-slideshow-arrows avia-slideshow-controls'><a href='#prev' class='prev-slide' aria-hidden='true' data-av_icon='\ue87c' data-av_iconfont='entypo-fontello'>Anterior<\/a><a href='#next' class='next-slide' aria-hidden='true' data-av_icon='\ue87d' data-av_iconfont='entypo-fontello'>Posterior<\/a><\/div><\/div>\n","protected":false},"excerpt":{"rendered":"<p>Hoy el Dr. Oriol Vernetta, responsable del deparatamento de medicina y criug\u00eda est\u00e9tica del Instituto Yvette Pons, Doctor con una d\u00e9cada de experiencia en Cirug\u00eda Pl\u00e1stica, Reparadora y Est\u00e9tica, nos responde a las preguntas que algunas de nuestras clientas le han hecho en estos \u00faltimos meses.<\/p>\n","protected":false},"author":1,"featured_media":4141,"comment_status":"open","ping_status":"open","sticky":false,"template":"","format":"standard","meta":{"footnotes":""},"categories":[211,38,51],"tags":[],"class_list":["post-4240","post","type-post","status-publish","format-standard","has-post-thumbnail","hentry","category-sanitat","category-serveis","category-tractaments"],"yoast_head":"<!-- This site is optimized with the Yoast SEO plugin v23.3 - https:\/\/yoast.com\/wordpress\/plugins\/seo\/ -->\n<title>EL DR. VERNETTA RESPONDE TUS PREGUNTAS -<\/title>\n<meta name=\"robots\" content=\"index, follow, max-snippet:-1, max-image-preview:large, max-video-preview:-1\" \/>\n<link rel=\"canonical\" href=\"https:\/\/www.yvettepons.com\/noticias\/dr-vernetta-responde-tus-preguntas\/\" \/>\n<meta property=\"og:locale\" content=\"es_ES\" \/>\n<meta property=\"og:type\" content=\"article\" \/>\n<meta property=\"og:title\" content=\"EL DR. VERNETTA RESPONDE TUS PREGUNTAS -\" \/>\n<meta property=\"og:description\" content=\"Hoy el Dr. Oriol Vernetta, responsable del deparatamento de medicina y criug\u00eda est\u00e9tica del Instituto Yvette Pons, Doctor con una d\u00e9cada de experiencia en Cirug\u00eda Pl\u00e1stica, Reparadora y Est\u00e9tica, nos responde a las preguntas que algunas de nuestras clientas le han hecho en estos \u00faltimos meses.\" \/>\n<meta property=\"og:url\" content=\"https:\/\/www.yvettepons.com\/noticias\/dr-vernetta-responde-tus-preguntas\/\" \/>\n<meta property=\"article:published_time\" content=\"2019-04-12T09:13:20+00:00\" \/>\n<meta property=\"article:modified_time\" content=\"2019-04-12T09:19:25+00:00\" \/>\n<meta property=\"og:image\" content=\"https:\/\/www.yvettepons.com\/noticias\/wp-content\/uploads\/2019\/03\/DOCTOR.jpg\" \/>\n\t<meta property=\"og:image:width\" content=\"450\" \/>\n\t<meta property=\"og:image:height\" content=\"625\" \/>\n\t<meta property=\"og:image:type\" content=\"image\/jpeg\" \/>\n<meta name=\"author\" content=\"yvette\" \/>\n<meta name=\"twitter:card\" content=\"summary_large_image\" \/>\n<meta name=\"twitter:label1\" content=\"Escrito por\" \/>\n\t<meta name=\"twitter:data1\" content=\"yvette\" \/>\n\t<meta name=\"twitter:label2\" content=\"Tiempo de lectura\" \/>\n\t<meta name=\"twitter:data2\" content=\"8 minutos\" \/>\n<script type=\"application\/ld+json\" class=\"yoast-schema-graph\">{\"@context\":\"https:\/\/schema.org\",\"@graph\":[{\"@type\":\"WebPage\",\"@id\":\"https:\/\/www.yvettepons.com\/noticias\/dr-vernetta-responde-tus-preguntas\/\",\"url\":\"https:\/\/www.yvettepons.com\/noticias\/dr-vernetta-responde-tus-preguntas\/\",\"name\":\"EL DR. VERNETTA RESPONDE TUS PREGUNTAS -\",\"isPartOf\":{\"@id\":\"https:\/\/www.yvettepons.com\/noticias\/#website\"},\"primaryImageOfPage\":{\"@id\":\"https:\/\/www.yvettepons.com\/noticias\/dr-vernetta-responde-tus-preguntas\/#primaryimage\"},\"image\":{\"@id\":\"https:\/\/www.yvettepons.com\/noticias\/dr-vernetta-responde-tus-preguntas\/#primaryimage\"},\"thumbnailUrl\":\"https:\/\/www.yvettepons.com\/noticias\/wp-content\/uploads\/2019\/03\/DOCTOR.jpg\",\"datePublished\":\"2019-04-12T09:13:20+00:00\",\"dateModified\":\"2019-04-12T09:19:25+00:00\",\"author\":{\"@id\":\"https:\/\/www.yvettepons.com\/noticias\/#\/schema\/person\/5b9d0cfa89aee629bece162bfdf8b8bf\"},\"breadcrumb\":{\"@id\":\"https:\/\/www.yvettepons.com\/noticias\/dr-vernetta-responde-tus-preguntas\/#breadcrumb\"},\"inLanguage\":\"es\",\"potentialAction\":[{\"@type\":\"ReadAction\",\"target\":[\"https:\/\/www.yvettepons.com\/noticias\/dr-vernetta-responde-tus-preguntas\/\"]}]},{\"@type\":\"ImageObject\",\"inLanguage\":\"es\",\"@id\":\"https:\/\/www.yvettepons.com\/noticias\/dr-vernetta-responde-tus-preguntas\/#primaryimage\",\"url\":\"https:\/\/www.yvettepons.com\/noticias\/wp-content\/uploads\/2019\/03\/DOCTOR.jpg\",\"contentUrl\":\"https:\/\/www.yvettepons.com\/noticias\/wp-content\/uploads\/2019\/03\/DOCTOR.jpg\",\"width\":450,\"height\":625},{\"@type\":\"BreadcrumbList\",\"@id\":\"https:\/\/www.yvettepons.com\/noticias\/dr-vernetta-responde-tus-preguntas\/#breadcrumb\",\"itemListElement\":[{\"@type\":\"ListItem\",\"position\":1,\"name\":\"Portada\",\"item\":\"https:\/\/www.yvettepons.com\/noticias\/\"},{\"@type\":\"ListItem\",\"position\":2,\"name\":\"EL DR. VERNETTA RESPONDE TUS PREGUNTAS\"}]},{\"@type\":\"WebSite\",\"@id\":\"https:\/\/www.yvettepons.com\/noticias\/#website\",\"url\":\"https:\/\/www.yvettepons.com\/noticias\/\",\"name\":\"\",\"description\":\"\",\"potentialAction\":[{\"@type\":\"SearchAction\",\"target\":{\"@type\":\"EntryPoint\",\"urlTemplate\":\"https:\/\/www.yvettepons.com\/noticias\/?s={search_term_string}\"},\"query-input\":\"required name=search_term_string\"}],\"inLanguage\":\"es\"},{\"@type\":\"Person\",\"@id\":\"https:\/\/www.yvettepons.com\/noticias\/#\/schema\/person\/5b9d0cfa89aee629bece162bfdf8b8bf\",\"name\":\"yvette\",\"image\":{\"@type\":\"ImageObject\",\"inLanguage\":\"es\",\"@id\":\"https:\/\/www.yvettepons.com\/noticias\/#\/schema\/person\/image\/\",\"url\":\"https:\/\/secure.gravatar.com\/avatar\/b31da7f75aa0d53c1cd9f27269d3fd5a583671f8ae3cec5fc14a021caad18787?s=96&d=mm&r=g\",\"contentUrl\":\"https:\/\/secure.gravatar.com\/avatar\/b31da7f75aa0d53c1cd9f27269d3fd5a583671f8ae3cec5fc14a021caad18787?s=96&d=mm&r=g\",\"caption\":\"yvette\"},\"url\":\"https:\/\/www.yvettepons.com\/noticias\/author\/yvette\/\"}]}<\/script>\n<!-- \/ Yoast SEO plugin. -->","yoast_head_json":{"title":"EL DR. VERNETTA RESPONDE TUS PREGUNTAS -","robots":{"index":"index","follow":"follow","max-snippet":"max-snippet:-1","max-image-preview":"max-image-preview:large","max-video-preview":"max-video-preview:-1"},"canonical":"https:\/\/www.yvettepons.com\/noticias\/dr-vernetta-responde-tus-preguntas\/","og_locale":"es_ES","og_type":"article","og_title":"EL DR. VERNETTA RESPONDE TUS PREGUNTAS -","og_description":"Hoy el Dr. Oriol Vernetta, responsable del deparatamento de medicina y criug\u00eda est\u00e9tica del Instituto Yvette Pons, Doctor con una d\u00e9cada de experiencia en Cirug\u00eda Pl\u00e1stica, Reparadora y Est\u00e9tica, nos responde a las preguntas que algunas de nuestras clientas le han hecho en estos \u00faltimos meses.","og_url":"https:\/\/www.yvettepons.com\/noticias\/dr-vernetta-responde-tus-preguntas\/","article_published_time":"2019-04-12T09:13:20+00:00","article_modified_time":"2019-04-12T09:19:25+00:00","og_image":[{"width":450,"height":625,"url":"https:\/\/www.yvettepons.com\/noticias\/wp-content\/uploads\/2019\/03\/DOCTOR.jpg","type":"image\/jpeg"}],"author":"yvette","twitter_card":"summary_large_image","twitter_misc":{"Escrito por":"yvette","Tiempo de lectura":"8 minutos"},"schema":{"@context":"https:\/\/schema.org","@graph":[{"@type":"WebPage","@id":"https:\/\/www.yvettepons.com\/noticias\/dr-vernetta-responde-tus-preguntas\/","url":"https:\/\/www.yvettepons.com\/noticias\/dr-vernetta-responde-tus-preguntas\/","name":"EL DR. VERNETTA RESPONDE TUS PREGUNTAS -","isPartOf":{"@id":"https:\/\/www.yvettepons.com\/noticias\/#website"},"primaryImageOfPage":{"@id":"https:\/\/www.yvettepons.com\/noticias\/dr-vernetta-responde-tus-preguntas\/#primaryimage"},"image":{"@id":"https:\/\/www.yvettepons.com\/noticias\/dr-vernetta-responde-tus-preguntas\/#primaryimage"},"thumbnailUrl":"https:\/\/www.yvettepons.com\/noticias\/wp-content\/uploads\/2019\/03\/DOCTOR.jpg","datePublished":"2019-04-12T09:13:20+00:00","dateModified":"2019-04-12T09:19:25+00:00","author":{"@id":"https:\/\/www.yvettepons.com\/noticias\/#\/schema\/person\/5b9d0cfa89aee629bece162bfdf8b8bf"},"breadcrumb":{"@id":"https:\/\/www.yvettepons.com\/noticias\/dr-vernetta-responde-tus-preguntas\/#breadcrumb"},"inLanguage":"es","potentialAction":[{"@type":"ReadAction","target":["https:\/\/www.yvettepons.com\/noticias\/dr-vernetta-responde-tus-preguntas\/"]}]},{"@type":"ImageObject","inLanguage":"es","@id":"https:\/\/www.yvettepons.com\/noticias\/dr-vernetta-responde-tus-preguntas\/#primaryimage","url":"https:\/\/www.yvettepons.com\/noticias\/wp-content\/uploads\/2019\/03\/DOCTOR.jpg","contentUrl":"https:\/\/www.yvettepons.com\/noticias\/wp-content\/uploads\/2019\/03\/DOCTOR.jpg","width":450,"height":625},{"@type":"BreadcrumbList","@id":"https:\/\/www.yvettepons.com\/noticias\/dr-vernetta-responde-tus-preguntas\/#breadcrumb","itemListElement":[{"@type":"ListItem","position":1,"name":"Portada","item":"https:\/\/www.yvettepons.com\/noticias\/"},{"@type":"ListItem","position":2,"name":"EL DR. VERNETTA RESPONDE TUS PREGUNTAS"}]},{"@type":"WebSite","@id":"https:\/\/www.yvettepons.com\/noticias\/#website","url":"https:\/\/www.yvettepons.com\/noticias\/","name":"","description":"","potentialAction":[{"@type":"SearchAction","target":{"@type":"EntryPoint","urlTemplate":"https:\/\/www.yvettepons.com\/noticias\/?s={search_term_string}"},"query-input":"required name=search_term_string"}],"inLanguage":"es"},{"@type":"Person","@id":"https:\/\/www.yvettepons.com\/noticias\/#\/schema\/person\/5b9d0cfa89aee629bece162bfdf8b8bf","name":"yvette","image":{"@type":"ImageObject","inLanguage":"es","@id":"https:\/\/www.yvettepons.com\/noticias\/#\/schema\/person\/image\/","url":"https:\/\/secure.gravatar.com\/avatar\/b31da7f75aa0d53c1cd9f27269d3fd5a583671f8ae3cec5fc14a021caad18787?s=96&d=mm&r=g","contentUrl":"https:\/\/secure.gravatar.com\/avatar\/b31da7f75aa0d53c1cd9f27269d3fd5a583671f8ae3cec5fc14a021caad18787?s=96&d=mm&r=g","caption":"yvette"},"url":"https:\/\/www.yvettepons.com\/noticias\/author\/yvette\/"}]}},"_links":{"self":[{"href":"https:\/\/www.yvettepons.com\/noticias\/wp-json\/wp\/v2\/posts\/4240","targetHints":{"allow":["GET"]}}],"collection":[{"href":"https:\/\/www.yvettepons.com\/noticias\/wp-json\/wp\/v2\/posts"}],"about":[{"href":"https:\/\/www.yvettepons.com\/noticias\/wp-json\/wp\/v2\/types\/post"}],"author":[{"embeddable":true,"href":"https:\/\/www.yvettepons.com\/noticias\/wp-json\/wp\/v2\/users\/1"}],"replies":[{"embeddable":true,"href":"https:\/\/www.yvettepons.com\/noticias\/wp-json\/wp\/v2\/comments?post=4240"}],"version-history":[{"count":20,"href":"https:\/\/www.yvettepons.com\/noticias\/wp-json\/wp\/v2\/posts\/4240\/revisions"}],"predecessor-version":[{"id":4271,"href":"https:\/\/www.yvettepons.com\/noticias\/wp-json\/wp\/v2\/posts\/4240\/revisions\/4271"}],"wp:featuredmedia":[{"embeddable":true,"href":"https:\/\/www.yvettepons.com\/noticias\/wp-json\/wp\/v2\/media\/4141"}],"wp:attachment":[{"href":"https:\/\/www.yvettepons.com\/noticias\/wp-json\/wp\/v2\/media?parent=4240"}],"wp:term":[{"taxonomy":"category","embeddable":true,"href":"https:\/\/www.yvettepons.com\/noticias\/wp-json\/wp\/v2\/categories?post=4240"},{"taxonomy":"post_tag","embeddable":true,"href":"https:\/\/www.yvettepons.com\/noticias\/wp-json\/wp\/v2\/tags?post=4240"}],"curies":[{"name":"wp","href":"https:\/\/api.w.org\/{rel}","templated":true}]}}