{"id":393,"date":"2013-11-04T14:57:45","date_gmt":"2013-11-04T14:57:45","guid":{"rendered":"http:\/\/noticias.esteticayvettepons.com\/?p=393"},"modified":"2013-11-04T14:57:45","modified_gmt":"2013-11-04T14:57:45","slug":"dermaroller-i-dermapen-la-pell-que-sempre-has-desitjat","status":"publish","type":"post","link":"https:\/\/www.yvettepons.com\/noticias\/dermaroller-i-dermapen-la-pell-que-sempre-has-desitjat\/","title":{"rendered":"DERMAROLLER I DERMAPEN: La pell que sempre has desitjat"},"content":{"rendered":"<p><img loading=\"lazy\" decoding=\"async\" class=\"alignleft size-full wp-image-394\" alt=\"dermaroller\" src=\"http:\/\/noticias.esteticayvettepons.com\/wp-content\/uploads\/2013\/11\/dermaroller.jpg\" width=\"569\" height=\"337\" \/><br \/>\nAquest \u00e9s un nou producte que busca revolucionar el m\u00f3n de la bellesa i que ja t\u00e9 enamorada a Angelina Jolie, a m\u00e9s, en el vell continent est\u00e0 donant molt de qu\u00e8 parlar.<br \/>\nDermapen i Dermaroller \u00e9s un modern tractament \u201cd\u2019inducci\u00f3 de col?lagen\u201d amb una t\u00e8cnica m\u00ednimament invasiva que estimula la producci\u00f3 de col?lagen tipus I i que promet eliminar marques d\u2019acne, arrugues, taques, disminuir cicatrius i tractar la p\u00e8rdua de fermesa. Tamb\u00e9 augmenta el volum del teixit d\u00e8rmic, aix\u00ed com activa la regeneraci\u00f3 accelerada de les c\u00e8l?lules epid\u00e8rmiques.<br \/>\nAquesta t\u00e8cnica es realitza amb un petit rodet el\u00e8ctric ple de petites micro agulles que es van passant en tota la zona a tractar, cara, contorn dels ulls, coll i escot, generant petites punxades en tota la pell i reactivant la micro circulaci\u00f3 capil?lar i la inducci\u00f3 del col?lagen i l\u2019elastina. A la vegada permet l\u2019absorci\u00f3 m\u00e0xima del principis actius dels cosm\u00e8tics aplicats posteriorment, com vitamines, \u00e0cid hialur\u00f2nic&#8230;<!--more--><\/p>\n<p><strong>Beneficis<\/strong><br \/>\n&#8211; Penetraci\u00f3 potenciada: Augmenta de 200 a 500 vegades l\u2019absorci\u00f3 dels principis actius.<br \/>\n&#8211; Potencia notablement l\u2019efic\u00e0cia de productes d\u2019\u00fas t\u00f2pic.<br \/>\n&#8211; Restaura la fermesa i elasticitat de les pells fl\u00e0ccides.<br \/>\n&#8211; Suavitza les arrugues, l\u00ednies d\u2019expressi\u00f3 i potes de gall.<br \/>\n&#8211; Redueix l\u2019aparen\u00e7a de cicatrius i marques de l\u2019acne.<br \/>\n&#8211; Millora els porus dilatats a la pell.<br \/>\n&#8211; Augmenta el gruix de l\u2019epidermis activant la regeneraci\u00f3 cut\u00e0nia.<br \/>\n&#8211; Aclareix les taques de pigmentaci\u00f3.<br \/>\n&#8211; Activa la re-pigmentaci\u00f3 de les marques blanques a la pell.<\/p>\n<p>A TENIR EN CONTE<br \/>\n&#8211; El dia del tractament, la pell queda congestionada per\u00f2 va remetent progressivament en 24 hores.<br \/>\n&#8211; El tractament \u00e9s una mica molest, per\u00f2 totalment suportable. Per aquelles persones m\u00e9s sensibles apliquem una pomada anest\u00e8sica t\u00f2pica 40 minuts abans del tractament.<\/p>\n<p><span style=\"color: #888888;\">&#8230;&#8230;&#8230;&#8230;&#8230;&#8230;&#8230;&#8230;&#8230;&#8230;&#8230;&#8230;&#8230;&#8230;&#8230;&#8230;&#8230;&#8230;&#8230;&#8230;&#8230;&#8230;&#8230;&#8230;&#8230;&#8230;&#8230;&#8230;&#8230;&#8230;&#8230;<\/span><\/p>\n<p><span style=\"color: #888888;\">Este es un nuevo producto que busca revolucionar el mundo de la belleza y que ya ha enamorado a Angelina Jolie, y en el viejo continente est\u00e1 dando mucho de qu\u00e9 hablar.<\/span><br \/>\n<span style=\"color: #888888;\"> Dermapen y Dermaroller es un moderno tratamiento \u201cde inducci\u00f3n de col\u00e1geno\u201d con una t\u00e9cnica m\u00ednimamente invasiva que estimula la producci\u00f3n de col\u00e1geno tipo I y que promete eliminar marcas de acn\u00e9, arrugas, manchas, disminuir cicatrices y tratar la p\u00e9rdida de firmeza. Tambi\u00e9n aumenta el volumen del tejido d\u00e9rmico, as\u00ed como activa la regeneraci\u00f3n acelerada de las c\u00e9lulas epid\u00e9rmicas.<\/span><br \/>\n<span style=\"color: #888888;\"> Esta t\u00e9cnica se realiza con un peque\u00f1o rodillo el\u00e9ctrico cubierto de peque\u00f1as micro agujas que se van pasando en toda la zona a tratar: cara, contorno de los ojos, cuello y escote, generando peque\u00f1as pinchadas en toda la piel y reactivando la micro circulaci\u00f3n capilar y la inducci\u00f3n del col\u00e1geno y la elastina. A la vez permite la absorci\u00f3n m\u00e0xima de los principios activos de los cosm\u00e9ticos aplicados posteriormente, como vitaminas, \u00e1cido hialur\u00f3nico&#8230;<\/span><\/p>\n<p><span style=\"color: #888888;\"><strong>Beneficios<\/strong><\/span><br \/>\n<span style=\"color: #888888;\"> &#8211; Penetraci\u00f3n potenciada:<\/span> <span style=\"color: #888888;\">Aumenta de 200 a 500 veces la absorci\u00f3n de los principios activos.<\/span><br \/>\n<span style=\"color: #888888;\"> &#8211; Potencia notablemente la eficacia de productos de uso t\u00f3pico.<\/span><br \/>\n<span style=\"color: #888888;\"> &#8211; Restaura la firmeza y elasticidad de las pieles fl\u00e1ccidas.<\/span><br \/>\n<span style=\"color: #888888;\"> &#8211; Suaviza las arrugas, l\u00edneas de expresi\u00f3n y patas de gallo.<\/span><br \/>\n<span style=\"color: #888888;\"> &#8211; Reduce la apariencia de cicatrices y marcas del acn\u00e9.<\/span><br \/>\n<span style=\"color: #888888;\"> &#8211; Mejora los poros dilatados de la piel.<\/span><br \/>\n<span style=\"color: #888888;\"> &#8211; Aumenta el grosor de la epidermis activando la regeneraci\u00f3n cut\u00e1nea.<\/span><br \/>\n<span style=\"color: #888888;\"> &#8211; Aclara las manchas de pigmentaci\u00f3n.<\/span><br \/>\n<span style=\"color: #888888;\"> &#8211; Activa la re-pigmentaci\u00f3n de las marcas blancas de la piel.<\/span><\/p>\n<p><span style=\"color: #888888;\">A TENER EN CUENTA<\/span><br \/>\n<span style=\"color: #888888;\"> &#8211; El dia del tratamiento, la piel queda congestionada pero va remitiendo progresivamente en 24 horas.<\/span><br \/>\n<span style=\"color: #888888;\"> &#8211; El tratamiento es un poco molesto, pero totalmente soportable. Para aquellas personas m\u00e1s sensibles aplicamos una pomada anest\u00e9sica t\u00f3pica 40 minutos antes del tratamiento.<\/span><\/p>\n","protected":false},"excerpt":{"rendered":"<p>Aquest \u00e9s un nou producte que busca revolucionar el m\u00f3n de la bellesa i que ja t\u00e9 enamorada a Angelina Jolie, a m\u00e9s, en el vell continent est\u00e0 donant molt de qu\u00e8 parlar. Dermapen i Dermaroller \u00e9s un modern tractament \u201cd\u2019inducci\u00f3 de col?lagen\u201d amb una t\u00e8cnica m\u00ednimament invasiva que estimula la producci\u00f3 de col?lagen tipus [&hellip;]<\/p>\n","protected":false},"author":1,"featured_media":0,"comment_status":"open","ping_status":"closed","sticky":false,"template":"","format":"standard","meta":{"footnotes":""},"categories":[38,1,51],"tags":[],"class_list":["post-393","post","type-post","status-publish","format-standard","hentry","category-serveis","category-sin-categoria","category-tractaments"],"yoast_head":"<!-- This site is optimized with the Yoast SEO plugin v23.3 - https:\/\/yoast.com\/wordpress\/plugins\/seo\/ -->\n<title>DERMAROLLER I DERMAPEN: La pell que sempre has desitjat -<\/title>\n<meta name=\"robots\" content=\"index, follow, max-snippet:-1, max-image-preview:large, max-video-preview:-1\" \/>\n<link rel=\"canonical\" href=\"https:\/\/www.yvettepons.com\/noticias\/dermaroller-i-dermapen-la-pell-que-sempre-has-desitjat\/\" \/>\n<meta property=\"og:locale\" content=\"es_ES\" \/>\n<meta property=\"og:type\" content=\"article\" \/>\n<meta property=\"og:title\" content=\"DERMAROLLER I DERMAPEN: La pell que sempre has desitjat -\" \/>\n<meta property=\"og:description\" content=\"Aquest \u00e9s un nou producte que busca revolucionar el m\u00f3n de la bellesa i que ja t\u00e9 enamorada a Angelina Jolie, a m\u00e9s, en el vell continent est\u00e0 donant molt de qu\u00e8 parlar. Dermapen i Dermaroller \u00e9s un modern tractament \u201cd\u2019inducci\u00f3 de col?lagen\u201d amb una t\u00e8cnica m\u00ednimament invasiva que estimula la producci\u00f3 de col?lagen tipus [&hellip;]\" \/>\n<meta property=\"og:url\" content=\"https:\/\/www.yvettepons.com\/noticias\/dermaroller-i-dermapen-la-pell-que-sempre-has-desitjat\/\" \/>\n<meta property=\"article:published_time\" content=\"2013-11-04T14:57:45+00:00\" \/>\n<meta property=\"og:image\" content=\"http:\/\/noticias.esteticayvettepons.com\/wp-content\/uploads\/2013\/11\/dermaroller.jpg\" \/>\n<meta name=\"author\" content=\"yvette\" \/>\n<meta name=\"twitter:card\" content=\"summary_large_image\" \/>\n<meta name=\"twitter:label1\" content=\"Escrito por\" \/>\n\t<meta name=\"twitter:data1\" content=\"yvette\" \/>\n\t<meta name=\"twitter:label2\" content=\"Tiempo de lectura\" \/>\n\t<meta name=\"twitter:data2\" content=\"3 minutos\" \/>\n<script type=\"application\/ld+json\" class=\"yoast-schema-graph\">{\"@context\":\"https:\/\/schema.org\",\"@graph\":[{\"@type\":\"WebPage\",\"@id\":\"https:\/\/www.yvettepons.com\/noticias\/dermaroller-i-dermapen-la-pell-que-sempre-has-desitjat\/\",\"url\":\"https:\/\/www.yvettepons.com\/noticias\/dermaroller-i-dermapen-la-pell-que-sempre-has-desitjat\/\",\"name\":\"DERMAROLLER I DERMAPEN: La pell que sempre has desitjat -\",\"isPartOf\":{\"@id\":\"https:\/\/www.yvettepons.com\/noticias\/#website\"},\"primaryImageOfPage\":{\"@id\":\"https:\/\/www.yvettepons.com\/noticias\/dermaroller-i-dermapen-la-pell-que-sempre-has-desitjat\/#primaryimage\"},\"image\":{\"@id\":\"https:\/\/www.yvettepons.com\/noticias\/dermaroller-i-dermapen-la-pell-que-sempre-has-desitjat\/#primaryimage\"},\"thumbnailUrl\":\"http:\/\/noticias.esteticayvettepons.com\/wp-content\/uploads\/2013\/11\/dermaroller.jpg\",\"datePublished\":\"2013-11-04T14:57:45+00:00\",\"dateModified\":\"2013-11-04T14:57:45+00:00\",\"author\":{\"@id\":\"https:\/\/www.yvettepons.com\/noticias\/#\/schema\/person\/5b9d0cfa89aee629bece162bfdf8b8bf\"},\"breadcrumb\":{\"@id\":\"https:\/\/www.yvettepons.com\/noticias\/dermaroller-i-dermapen-la-pell-que-sempre-has-desitjat\/#breadcrumb\"},\"inLanguage\":\"es\",\"potentialAction\":[{\"@type\":\"ReadAction\",\"target\":[\"https:\/\/www.yvettepons.com\/noticias\/dermaroller-i-dermapen-la-pell-que-sempre-has-desitjat\/\"]}]},{\"@type\":\"ImageObject\",\"inLanguage\":\"es\",\"@id\":\"https:\/\/www.yvettepons.com\/noticias\/dermaroller-i-dermapen-la-pell-que-sempre-has-desitjat\/#primaryimage\",\"url\":\"http:\/\/noticias.esteticayvettepons.com\/wp-content\/uploads\/2013\/11\/dermaroller.jpg\",\"contentUrl\":\"http:\/\/noticias.esteticayvettepons.com\/wp-content\/uploads\/2013\/11\/dermaroller.jpg\"},{\"@type\":\"BreadcrumbList\",\"@id\":\"https:\/\/www.yvettepons.com\/noticias\/dermaroller-i-dermapen-la-pell-que-sempre-has-desitjat\/#breadcrumb\",\"itemListElement\":[{\"@type\":\"ListItem\",\"position\":1,\"name\":\"Portada\",\"item\":\"https:\/\/www.yvettepons.com\/noticias\/\"},{\"@type\":\"ListItem\",\"position\":2,\"name\":\"DERMAROLLER I DERMAPEN: La pell que sempre has desitjat\"}]},{\"@type\":\"WebSite\",\"@id\":\"https:\/\/www.yvettepons.com\/noticias\/#website\",\"url\":\"https:\/\/www.yvettepons.com\/noticias\/\",\"name\":\"\",\"description\":\"\",\"potentialAction\":[{\"@type\":\"SearchAction\",\"target\":{\"@type\":\"EntryPoint\",\"urlTemplate\":\"https:\/\/www.yvettepons.com\/noticias\/?s={search_term_string}\"},\"query-input\":\"required name=search_term_string\"}],\"inLanguage\":\"es\"},{\"@type\":\"Person\",\"@id\":\"https:\/\/www.yvettepons.com\/noticias\/#\/schema\/person\/5b9d0cfa89aee629bece162bfdf8b8bf\",\"name\":\"yvette\",\"image\":{\"@type\":\"ImageObject\",\"inLanguage\":\"es\",\"@id\":\"https:\/\/www.yvettepons.com\/noticias\/#\/schema\/person\/image\/\",\"url\":\"https:\/\/secure.gravatar.com\/avatar\/b31da7f75aa0d53c1cd9f27269d3fd5a583671f8ae3cec5fc14a021caad18787?s=96&d=mm&r=g\",\"contentUrl\":\"https:\/\/secure.gravatar.com\/avatar\/b31da7f75aa0d53c1cd9f27269d3fd5a583671f8ae3cec5fc14a021caad18787?s=96&d=mm&r=g\",\"caption\":\"yvette\"},\"url\":\"https:\/\/www.yvettepons.com\/noticias\/author\/yvette\/\"}]}<\/script>\n<!-- \/ Yoast SEO plugin. -->","yoast_head_json":{"title":"DERMAROLLER I DERMAPEN: La pell que sempre has desitjat -","robots":{"index":"index","follow":"follow","max-snippet":"max-snippet:-1","max-image-preview":"max-image-preview:large","max-video-preview":"max-video-preview:-1"},"canonical":"https:\/\/www.yvettepons.com\/noticias\/dermaroller-i-dermapen-la-pell-que-sempre-has-desitjat\/","og_locale":"es_ES","og_type":"article","og_title":"DERMAROLLER I DERMAPEN: La pell que sempre has desitjat -","og_description":"Aquest \u00e9s un nou producte que busca revolucionar el m\u00f3n de la bellesa i que ja t\u00e9 enamorada a Angelina Jolie, a m\u00e9s, en el vell continent est\u00e0 donant molt de qu\u00e8 parlar. Dermapen i Dermaroller \u00e9s un modern tractament \u201cd\u2019inducci\u00f3 de col?lagen\u201d amb una t\u00e8cnica m\u00ednimament invasiva que estimula la producci\u00f3 de col?lagen tipus [&hellip;]","og_url":"https:\/\/www.yvettepons.com\/noticias\/dermaroller-i-dermapen-la-pell-que-sempre-has-desitjat\/","article_published_time":"2013-11-04T14:57:45+00:00","og_image":[{"url":"http:\/\/noticias.esteticayvettepons.com\/wp-content\/uploads\/2013\/11\/dermaroller.jpg"}],"author":"yvette","twitter_card":"summary_large_image","twitter_misc":{"Escrito por":"yvette","Tiempo de lectura":"3 minutos"},"schema":{"@context":"https:\/\/schema.org","@graph":[{"@type":"WebPage","@id":"https:\/\/www.yvettepons.com\/noticias\/dermaroller-i-dermapen-la-pell-que-sempre-has-desitjat\/","url":"https:\/\/www.yvettepons.com\/noticias\/dermaroller-i-dermapen-la-pell-que-sempre-has-desitjat\/","name":"DERMAROLLER I DERMAPEN: La pell que sempre has desitjat -","isPartOf":{"@id":"https:\/\/www.yvettepons.com\/noticias\/#website"},"primaryImageOfPage":{"@id":"https:\/\/www.yvettepons.com\/noticias\/dermaroller-i-dermapen-la-pell-que-sempre-has-desitjat\/#primaryimage"},"image":{"@id":"https:\/\/www.yvettepons.com\/noticias\/dermaroller-i-dermapen-la-pell-que-sempre-has-desitjat\/#primaryimage"},"thumbnailUrl":"http:\/\/noticias.esteticayvettepons.com\/wp-content\/uploads\/2013\/11\/dermaroller.jpg","datePublished":"2013-11-04T14:57:45+00:00","dateModified":"2013-11-04T14:57:45+00:00","author":{"@id":"https:\/\/www.yvettepons.com\/noticias\/#\/schema\/person\/5b9d0cfa89aee629bece162bfdf8b8bf"},"breadcrumb":{"@id":"https:\/\/www.yvettepons.com\/noticias\/dermaroller-i-dermapen-la-pell-que-sempre-has-desitjat\/#breadcrumb"},"inLanguage":"es","potentialAction":[{"@type":"ReadAction","target":["https:\/\/www.yvettepons.com\/noticias\/dermaroller-i-dermapen-la-pell-que-sempre-has-desitjat\/"]}]},{"@type":"ImageObject","inLanguage":"es","@id":"https:\/\/www.yvettepons.com\/noticias\/dermaroller-i-dermapen-la-pell-que-sempre-has-desitjat\/#primaryimage","url":"http:\/\/noticias.esteticayvettepons.com\/wp-content\/uploads\/2013\/11\/dermaroller.jpg","contentUrl":"http:\/\/noticias.esteticayvettepons.com\/wp-content\/uploads\/2013\/11\/dermaroller.jpg"},{"@type":"BreadcrumbList","@id":"https:\/\/www.yvettepons.com\/noticias\/dermaroller-i-dermapen-la-pell-que-sempre-has-desitjat\/#breadcrumb","itemListElement":[{"@type":"ListItem","position":1,"name":"Portada","item":"https:\/\/www.yvettepons.com\/noticias\/"},{"@type":"ListItem","position":2,"name":"DERMAROLLER I DERMAPEN: La pell que sempre has desitjat"}]},{"@type":"WebSite","@id":"https:\/\/www.yvettepons.com\/noticias\/#website","url":"https:\/\/www.yvettepons.com\/noticias\/","name":"","description":"","potentialAction":[{"@type":"SearchAction","target":{"@type":"EntryPoint","urlTemplate":"https:\/\/www.yvettepons.com\/noticias\/?s={search_term_string}"},"query-input":"required name=search_term_string"}],"inLanguage":"es"},{"@type":"Person","@id":"https:\/\/www.yvettepons.com\/noticias\/#\/schema\/person\/5b9d0cfa89aee629bece162bfdf8b8bf","name":"yvette","image":{"@type":"ImageObject","inLanguage":"es","@id":"https:\/\/www.yvettepons.com\/noticias\/#\/schema\/person\/image\/","url":"https:\/\/secure.gravatar.com\/avatar\/b31da7f75aa0d53c1cd9f27269d3fd5a583671f8ae3cec5fc14a021caad18787?s=96&d=mm&r=g","contentUrl":"https:\/\/secure.gravatar.com\/avatar\/b31da7f75aa0d53c1cd9f27269d3fd5a583671f8ae3cec5fc14a021caad18787?s=96&d=mm&r=g","caption":"yvette"},"url":"https:\/\/www.yvettepons.com\/noticias\/author\/yvette\/"}]}},"_links":{"self":[{"href":"https:\/\/www.yvettepons.com\/noticias\/wp-json\/wp\/v2\/posts\/393","targetHints":{"allow":["GET"]}}],"collection":[{"href":"https:\/\/www.yvettepons.com\/noticias\/wp-json\/wp\/v2\/posts"}],"about":[{"href":"https:\/\/www.yvettepons.com\/noticias\/wp-json\/wp\/v2\/types\/post"}],"author":[{"embeddable":true,"href":"https:\/\/www.yvettepons.com\/noticias\/wp-json\/wp\/v2\/users\/1"}],"replies":[{"embeddable":true,"href":"https:\/\/www.yvettepons.com\/noticias\/wp-json\/wp\/v2\/comments?post=393"}],"version-history":[{"count":0,"href":"https:\/\/www.yvettepons.com\/noticias\/wp-json\/wp\/v2\/posts\/393\/revisions"}],"wp:attachment":[{"href":"https:\/\/www.yvettepons.com\/noticias\/wp-json\/wp\/v2\/media?parent=393"}],"wp:term":[{"taxonomy":"category","embeddable":true,"href":"https:\/\/www.yvettepons.com\/noticias\/wp-json\/wp\/v2\/categories?post=393"},{"taxonomy":"post_tag","embeddable":true,"href":"https:\/\/www.yvettepons.com\/noticias\/wp-json\/wp\/v2\/tags?post=393"}],"curies":[{"name":"wp","href":"https:\/\/api.w.org\/{rel}","templated":true}]}}